{"id":20115,"date":"2019-09-26T10:46:40","date_gmt":"2019-09-26T13:46:40","guid":{"rendered":"https:\/\/www.paranapraia.com.br\/?p=20115"},"modified":"2019-09-26T10:46:41","modified_gmt":"2019-09-26T13:46:41","slug":"mais-de-34-mil-alunos-da-ufpr-podem-ficar-sem-aulas-ainda-neste-ano-diz-instituicao","status":"publish","type":"post","link":"https:\/\/www.paranapraia.com.br\/index.php\/2019\/09\/26\/mais-de-34-mil-alunos-da-ufpr-podem-ficar-sem-aulas-ainda-neste-ano-diz-instituicao\/","title":{"rendered":"Mais de 34 mil alunos da UFPR podem ficar sem aulas ainda neste ano, diz institui\u00e7\u00e3o"},"content":{"rendered":"\n<h4 class=\"wp-block-heading\">Medida pode ser adotada caso o atual corte de verbas na Educa\u00e7\u00e3o seja mantido, segundo a UFPR. &#8216;Com certeza seria frustrante, faltando apenas dois anos para me formar e sem condi\u00e7\u00f5es de fazer uma faculdade particular&#8217;, diz estudante de veterin\u00e1ria.<\/h4>\n\n\n\n<p>Se o atual corte de verbas na Educa\u00e7\u00e3o for mantido pela Uni\u00e3o, os mais de 34 mil alunos da Universidade Federal do Paran\u00e1 (UFPR) podem ficar sem aulas neste ano, de acordo com a institui\u00e7\u00e3o.<\/p>\n\n\n\n<p>O Minist\u00e9rio da Educa\u00e7\u00e3o (MEC) foi alvo de dois contingenciamentos neste ano, determinados pelo governo federal como forma de enfrentar a crise econ\u00f4mica.<\/p>\n\n\n\n<p>Segundo a UFPR, a data que as aulas deixar\u00e3o de ser oferecidas ainda n\u00e3o foi definida. Mas, a medida ser\u00e1 efetuada ainda em 2019 e atingir\u00e1 todos os cursos.<\/p>\n\n\n\n<p>Ao todo, s\u00e3o 164 cursos de gradua\u00e7\u00e3o, 45 cursos de especializa\u00e7\u00e3o, 89 mestrados e 61 doutorados. Quase 28 mil alunos s\u00e3o estudantes da gradua\u00e7\u00e3o, e outros 6,2 mil da p\u00f3s-gradua\u00e7\u00e3o.<\/p>\n\n\n\n<h2 class=\"wp-block-heading\">&#8216;Transtorno total&#8217;<\/h2>\n\n\n\n<p>Luana Inkote Bertolin, de 20 anos, faz medicina veterin\u00e1ria na UFPR no campus de Palotina, no oeste do Paran\u00e1. Natural de Curitiba, optou em estudar em outra cidade por se tratar de uma universidade federal.<\/p>\n\n\n\n<blockquote class=\"wp-block-quote is-layout-flow wp-block-quote-is-layout-flow\"><p>&#8220;N\u00e3o consegui passar na UFPR em Curitiba. Ent\u00e3o, usei minha nota do Enem e consegui passar neste outro campus da UFPR. N\u00e3o conhecia a cidade e nem pensei muito, apenas vim, pois eu n\u00e3o teria condi\u00e7\u00f5es de estudar em uma faculdade particular em minha cidade natal&#8221;, diz a universit\u00e1ria.<\/p><\/blockquote>\n\n\n\n<figure class=\"wp-block-image\"><img decoding=\"async\" src=\"https:\/\/s2.glbimg.com\/_S2rS_w3xx7ov0qZPsccnPbkjKg=\/0x0:960x720\/1008x0\/smart\/filters:strip_icc()\/i.s3.glbimg.com\/v1\/AUTH_59edd422c0c84a879bd37670ae4f538a\/internal_photos\/bs\/2019\/2\/D\/XUT1f6T46JlBPTvNYTsQ\/luana-esta-no-7o-periodo-de-medicina-veterinaria-e-optou-em-morar-em-outra-cidade-para-estudar-na-ufpr.jpg\" alt=\"Luana est\u00e1 no 7\u00ba per\u00edodo de medicina veterin\u00e1ria e optou em morar em outra cidade para estudar na UFPR \u2014 Foto: Arquivo pessoal\"\/><\/figure>\n\n\n\n<p>Luana est\u00e1 no 7\u00ba per\u00edodo de medicina veterin\u00e1ria e optou em morar em outra cidade para estudar na UFPR \u2014 Foto: Arquivo pessoal<\/p>\n\n\n\n<p>A jovem est\u00e1 no 7\u00ba per\u00edodo do curso, e a possibilidade de as aulas serem suspensas preocupam Luana: &#8220;N\u00e3o sei o que faria. Com certeza seria frustrante, faltando apenas dois anos para me formar e sem condi\u00e7\u00f5es de fazer uma faculdade particular&#8221;.<\/p>\n\n\n\n<p>Al\u00e9m da quest\u00e3o das atividades acad\u00eamicas, Luana teria que lidar com as despesas da moradia, j\u00e1 que precisa pagar aluguel enquanto estuda em outra cidade.<\/p>\n\n\n\n<blockquote class=\"wp-block-quote is-layout-flow wp-block-quote-is-layout-flow\"><p>&#8220;Seria um transtorno total. Seria gasto desnecess\u00e1rio pagar o aluguel para ficar parada, sem ter aula&#8221;, afirma.<\/p><\/blockquote>\n\n\n\n<figure class=\"wp-block-image\"><img decoding=\"async\" src=\"https:\/\/s2.glbimg.com\/FiMNuhoatvK_Tvo_QETiuE5Hexo=\/0x60:960x1069\/984x0\/smart\/filters:strip_icc()\/i.s3.glbimg.com\/v1\/AUTH_59edd422c0c84a879bd37670ae4f538a\/internal_photos\/bs\/2019\/d\/L\/LlKI1nSRiyeKk7ABUaFw\/luana-e-estuante-de-medicina-veterinaria-na-ufpr.jpg\" alt=\"Luana \u00e9 estuante de medicina veterin\u00e1ria na UFPR \u2014 Foto: Arquivo pessoal\"\/><\/figure>\n\n\n\n<p>Luana \u00e9 estuante de medicina veterin\u00e1ria na UFPR \u2014 Foto: Arquivo pessoal<\/p>\n\n\n\n<p>Luana \u00e9 atendida pelo Programa de Benef\u00edcios Econ\u00f4micos para Manuten\u00e7\u00e3o aos Estudantes de Gradua\u00e7\u00e3o e Ensino Profissionalizante da UFPR (Probem).<\/p>\n\n\n\n<p>O Probem foi criado para apoiar estudantes com fragilidade socioecon\u00f4mica e que precisam de ajuda financeira para se manter no curso.<\/p>\n\n\n\n<blockquote class=\"wp-block-quote is-layout-flow wp-block-quote-is-layout-flow\"><p>&#8220;Eu sobrevivo de RU [Restaurante Universit\u00e1rio] e ganho os aux\u00edlios do Probem, o que ajuda muito. Mas com os cortes, caso eu n\u00e3o os tivesse, com certeza teria que trancar o curso por n\u00e3o conseguir me manter&#8221;, conta.<\/p><\/blockquote>\n\n\n\n<figure class=\"wp-block-image\"><img decoding=\"async\" src=\"https:\/\/s2.glbimg.com\/jbwJmjSaniC_CHEb1yUkj9aTKhs=\/0x79:720x1186\/984x0\/smart\/filters:strip_icc()\/i.s3.glbimg.com\/v1\/AUTH_59edd422c0c84a879bd37670ae4f538a\/internal_photos\/bs\/2019\/N\/M\/a3otJSSOGDS4WQ62UM2g\/natural-de-curitiba-luana-estuda-no-campus-de-palotina.jpg\" alt=\"Natural de Curitiba, Luana estuda no campus de Palotina \u2014 Foto: Arquivo pessoal\"\/><\/figure>\n\n\n\n<p>Natural de Curitiba, Luana estuda no campus de Palotina \u2014 Foto: Arquivo pessoal<\/p>\n\n\n\n<h2 class=\"wp-block-heading\">Libera\u00e7\u00e3o de recursos bloqueados<\/h2>\n\n\n\n<p>Na sexta-feira (20), o governo federal anunciou a\u00a0libera\u00e7\u00e3o para os minist\u00e9rios de R$ 8,3 milh\u00f5es\u00a0em recursos do or\u00e7amento que estavam bloqueados.<\/p>\n\n\n\n<p>Dessa quantia, a maior parte deve ser destinada ao Minist\u00e9rio da Educa\u00e7\u00e3o \u2013 totalizando R$ 1,99 bilh\u00e3o.\u00a0Restri\u00e7\u00f5es or\u00e7ament\u00e1rias\u00a0impostas pelo governo desde o in\u00edcio do ano t\u00eam causado\u00a0dificuldades para os minist\u00e9rios\u00a0executarem projetos.<\/p>\n\n\n\n<h2 class=\"wp-block-heading\">Contingenciamentos na Educa\u00e7\u00e3o<\/h2>\n\n\n\n<p>Em mar\u00e7o,\u00a0foram bloqueados R$ 5,8 bilh\u00f5es. Em abril, o MEC anunciou o\u00a0bloqueio de 30% da verba das universidades e institutos federais. \u00c0 \u00e9poca, chegou a dizer que poderia liberar o dinheiro se a economia fosse retomada ou a reforma da previd\u00eancia fosse aprovada.<\/p>\n\n\n\n<p>Em julho,\u00a0outro decreto bloqueou R$ 348,47 milh\u00f5es\u00a0da pasta.<\/p>\n\n\n\n<h2 class=\"wp-block-heading\">Pesquisas<\/h2>\n\n\n\n<p>A \u00e1rea de pesquisa da UFPR j\u00e1 vem sendo atingida pelo contingenciamento. As pesquisas, at\u00e9 o momento, foram parcialmente afetadas, segundo a institui\u00e7\u00e3o.<\/p>\n\n\n\n<p>Um levantamento da Coordena\u00e7\u00e3o de Aperfei\u00e7oamento de Pessoal de N\u00edvel Superior (Capes) apontou que, at\u00e9 dezembro,\u00a0164 bolsas de p\u00f3s-gradua\u00e7\u00e3o da UFPR v\u00e3o ser cortadas ou congeladas.<\/p>\n\n\n\n<p>Essas bolsas incluem mestrado (79), doutorado (68) e p\u00f3s-doutorado (17) \u2013 representando cerca de 10% do total de bolsas da Capes na UFPR.<\/p>\n\n\n\n<p>Os dados apontaram que, apenas em agosto, foram cortadas ou congeladas 48 bolsas.<\/p>\n\n\n\n<p>A UFPR est\u00e1 entre as 15 universidades que mais produzem ci\u00eancia no Brasil, sendo a 8\u00aa colocada. Agora,\u00a0os cortes preocupam os pesquisadores da institui\u00e7\u00e3o, que temem que os trabalhos desenvolvidos fiquem paralisados.<\/p>\n\n\n\n<figure class=\"wp-block-image\"><img decoding=\"async\" src=\"https:\/\/s2.glbimg.com\/Quo1D0ewL9Oxji8UwRW1WOZe_Ns=\/0x0:2048x1365\/1008x0\/smart\/filters:strip_icc()\/i.s3.glbimg.com\/v1\/AUTH_59edd422c0c84a879bd37670ae4f538a\/internal_photos\/bs\/2019\/l\/w\/Xlr9JQTFSAN1MHAoq28g\/ufpr-.jpg\" alt=\"UFPR est\u00e1 se ajustando para manter funcionamento ap\u00f3s corte do governo federal no or\u00e7amento \u2014 Foto: Andr\u00e9 Filgueira\/UFPR\/Divulga\u00e7\u00e3o\"\/><\/figure>\n\n\n\n<p>UFPR est\u00e1 se ajustando para manter funcionamento ap\u00f3s corte do governo federal no or\u00e7amento \u2014 Foto: Andr\u00e9 Filgueira\/UFPR\/Divulga\u00e7\u00e3o<\/p>\n\n\n\n<h2 class=\"wp-block-heading\">Redu\u00e7\u00e3o de gastos<\/h2>\n\n\n\n<p>Desde o retorno das aulas do 2\u00ba semestre, a UFPR afirma ter adotado medidas para diminuir gastos e manter as atividades com o que ainda tem do or\u00e7amento.<\/p>\n\n\n\n<p>De acordo com a institui\u00e7\u00e3o, o corte de 30% \u2013 anunciado em abril \u2013 equivale a\u00a0R$ 48 milh\u00f5es a menos\u00a0do que o previsto para todo o ano.<\/p>\n\n\n\n<p>A UFPR optou em priorizar a atual pol\u00edtica de perman\u00eancia para alunos em vulnerabilidade econ\u00f4mica e a manuten\u00e7\u00e3o de contratos terceirizados para, dessa forma, garantir menos desemprego aos aproximadamente 1,5 mil colaboradores que s\u00e3o terceirizados.<\/p>\n\n\n\n<p>Uma s\u00e9rie de medidas restritivas ao or\u00e7amento j\u00e1 foram adotadas pela institui\u00e7\u00e3o. Confira:<\/p>\n\n\n\n<ul class=\"wp-block-list\"><li>Corte linear 30% nas unidades administrativas e atividades acad\u00eamicas;<\/li><li>Redu\u00e7\u00e3o de hor\u00e1rios e suspens\u00e3o parcial das linhas de \u00f4nibus\u00a0(intercampi e interpraias) durante o m\u00eas de julho;<\/li><li>Suspens\u00e3o parcial dos servi\u00e7os dos\u00a0Restaurantes Universit\u00e1rios\u00a0em julho;<\/li><li>Excepcionalidade de solicita\u00e7\u00f5es de di\u00e1rias, passagens, transporte de natureza acad\u00eamica ou atividade institucional;<\/li><li>Empenhos para manuten\u00e7\u00e3o e aquisi\u00e7\u00e3o de equipamentos de laborat\u00f3rios;<\/li><li>Redu\u00e7\u00e3o do formato de eventos tradicionais.<\/li><\/ul>\n\n\n\n<h2 class=\"wp-block-heading\">O que diz o MEC<\/h2>\n\n\n\n<p>Por meio de nota, o MEC informou que a UFPR recebeu no dia 2 de setembro R$ 10,9 milh\u00f5es em limite de empenho.<\/p>\n\n\n\n<p>Segundo o MEC, desde o in\u00edcio do ano a UFPR recebeu R$ 82,7 milh\u00f5es em limites de empenho e que ainda resta \u00e0 institui\u00e7\u00e3o R$ 19,6 milh\u00f5es em or\u00e7amento dispon\u00edvel.<\/p>\n\n\n\n<p>&#8220;Dessa forma, este Minist\u00e9rio, ap\u00f3s efetuar libera\u00e7\u00e3o or\u00e7ament\u00e1ria, n\u00e3o possui inger\u00eancia sobre os processos de pagamentos que estejam a cargo de suas unidades vinculadas&#8221;, diz trecho da nota divulgada pelo minist\u00e9rio.<br><\/p>\n\n\n\n<p>G1PR<\/p>\n","protected":false},"excerpt":{"rendered":"<p>Medida pode ser adotada caso o atual corte de verbas na Educa\u00e7\u00e3o seja mantido, segundo a UFPR. &#8216;Com certeza seria frustrante, faltando apenas dois anos para me formar e sem condi\u00e7\u00f5es de fazer uma faculdade particular&#8217;, diz estudante de veterin\u00e1ria. Se o atual corte de verbas na Educa\u00e7\u00e3o for mantido pela Uni\u00e3o, os mais de [&hellip;]<\/p>\n","protected":false},"author":2,"featured_media":20120,"comment_status":"open","ping_status":"open","sticky":false,"template":"","format":"standard","meta":{"advanced_seo_description":"","jetpack_seo_html_title":"","jetpack_seo_noindex":false,"_jetpack_memberships_contains_paid_content":false,"footnotes":""},"categories":[40],"tags":[],"class_list":{"0":"post-20115","1":"post","2":"type-post","3":"status-publish","4":"format-standard","5":"has-post-thumbnail","7":"category-destaques"},"jetpack_featured_media_url":"https:\/\/www.paranapraia.com.br\/wp-content\/uploads\/2019\/09\/ufpr.jpg","jetpack_sharing_enabled":true,"_links":{"self":[{"href":"https:\/\/www.paranapraia.com.br\/index.php\/wp-json\/wp\/v2\/posts\/20115"}],"collection":[{"href":"https:\/\/www.paranapraia.com.br\/index.php\/wp-json\/wp\/v2\/posts"}],"about":[{"href":"https:\/\/www.paranapraia.com.br\/index.php\/wp-json\/wp\/v2\/types\/post"}],"author":[{"embeddable":true,"href":"https:\/\/www.paranapraia.com.br\/index.php\/wp-json\/wp\/v2\/users\/2"}],"replies":[{"embeddable":true,"href":"https:\/\/www.paranapraia.com.br\/index.php\/wp-json\/wp\/v2\/comments?post=20115"}],"version-history":[{"count":1,"href":"https:\/\/www.paranapraia.com.br\/index.php\/wp-json\/wp\/v2\/posts\/20115\/revisions"}],"predecessor-version":[{"id":20121,"href":"https:\/\/www.paranapraia.com.br\/index.php\/wp-json\/wp\/v2\/posts\/20115\/revisions\/20121"}],"wp:featuredmedia":[{"embeddable":true,"href":"https:\/\/www.paranapraia.com.br\/index.php\/wp-json\/wp\/v2\/media\/20120"}],"wp:attachment":[{"href":"https:\/\/www.paranapraia.com.br\/index.php\/wp-json\/wp\/v2\/media?parent=20115"}],"wp:term":[{"taxonomy":"category","embeddable":true,"href":"https:\/\/www.paranapraia.com.br\/index.php\/wp-json\/wp\/v2\/categories?post=20115"},{"taxonomy":"post_tag","embeddable":true,"href":"https:\/\/www.paranapraia.com.br\/index.php\/wp-json\/wp\/v2\/tags?post=20115"}],"curies":[{"name":"wp","href":"https:\/\/api.w.org\/{rel}","templated":true}]}}