{"id":20111,"date":"2019-09-26T10:41:23","date_gmt":"2019-09-26T13:41:23","guid":{"rendered":"https:\/\/www.paranapraia.com.br\/?p=20111"},"modified":"2019-09-26T10:41:30","modified_gmt":"2019-09-26T13:41:30","slug":"morre-menino-de-quatro-anos-atropelado-por-trem-em-ponta-grossa","status":"publish","type":"post","link":"https:\/\/www.paranapraia.com.br\/index.php\/2019\/09\/26\/morre-menino-de-quatro-anos-atropelado-por-trem-em-ponta-grossa\/","title":{"rendered":"Morre menino de quatro anos atropelado por trem, em Ponta Grossa"},"content":{"rendered":"\n<h4 class=\"wp-block-heading\">Kayke foi atropelado no domingo (22) e desde ent\u00e3o estava internado em estado grav\u00edssimo.<\/h4>\n\n\n\n<p>O menino de quatro anos que foi atropelado por um trem em Ponta Grossa, nos Campos Gerais do Paran\u00e1, morreu na manh\u00e3 desta quinta-feira (26).<\/p>\n\n\n\n<p><a href=\"https:\/\/g1.globo.com\/pr\/campos-gerais-sul\/noticia\/2019\/09\/23\/crianca-de-quatro-anos-e-atropelada-por-trem-em-ponta-grossa.ghtml\">Roberti Kayke foi atropelado no domingo (22)&nbsp;<\/a>e estava internado em estado grav\u00edssimo na Unidade de Terapia Intensiva (UTI) do Hospital Universit\u00e1rio desde ent\u00e3o.<\/p>\n\n\n\n<p>A morte encef\u00e1lica do menino foi confirmada pelo hospital \u00e0s 6h20 desta quinta-feira. A fam\u00edlia concordou com a doa\u00e7\u00e3o dos \u00f3rg\u00e3os do menino.<\/p>\n\n\n\n<p>O acidente aconteceu no cruzamento das ruas Cristiano Justos J\u00fanior com a Thomaz Gonzaga, no bairro Boa Vista. A casa da fam\u00edlia da crian\u00e7a praticamente beira a linha do trem.<\/p>\n\n\n\n<p>O local, onde houve o acidente, n\u00e3o \u00e9 uma \u00e1rea de cruzamento de pedestres, nem de ve\u00edculos.<\/p>\n\n\n\n<p>A crian\u00e7a escapou de casa para brincar sem que a fam\u00edlia percebesse, segundo o relato da fam\u00edlia.<\/p>\n\n\n\n<p>G1PR<br><\/p>\n","protected":false},"excerpt":{"rendered":"<p>Kayke foi atropelado no domingo (22) e desde ent\u00e3o estava internado em estado grav\u00edssimo. O menino de quatro anos que foi atropelado por um trem em Ponta Grossa, nos Campos Gerais do Paran\u00e1, morreu na manh\u00e3 desta quinta-feira (26). Roberti Kayke foi atropelado no domingo (22)&nbsp;e estava internado em estado grav\u00edssimo na Unidade de Terapia [&hellip;]<\/p>\n","protected":false},"author":2,"featured_media":20112,"comment_status":"open","ping_status":"open","sticky":false,"template":"","format":"standard","meta":{"advanced_seo_description":"","jetpack_seo_html_title":"","jetpack_seo_noindex":false,"_jetpack_memberships_contains_paid_content":false,"footnotes":""},"categories":[33],"tags":[],"class_list":{"0":"post-20111","1":"post","2":"type-post","3":"status-publish","4":"format-standard","5":"has-post-thumbnail","7":"category-policia"},"jetpack_featured_media_url":"https:\/\/www.paranapraia.com.br\/wp-content\/uploads\/2019\/09\/morre.jpg","jetpack_sharing_enabled":true,"_links":{"self":[{"href":"https:\/\/www.paranapraia.com.br\/index.php\/wp-json\/wp\/v2\/posts\/20111"}],"collection":[{"href":"https:\/\/www.paranapraia.com.br\/index.php\/wp-json\/wp\/v2\/posts"}],"about":[{"href":"https:\/\/www.paranapraia.com.br\/index.php\/wp-json\/wp\/v2\/types\/post"}],"author":[{"embeddable":true,"href":"https:\/\/www.paranapraia.com.br\/index.php\/wp-json\/wp\/v2\/users\/2"}],"replies":[{"embeddable":true,"href":"https:\/\/www.paranapraia.com.br\/index.php\/wp-json\/wp\/v2\/comments?post=20111"}],"version-history":[{"count":1,"href":"https:\/\/www.paranapraia.com.br\/index.php\/wp-json\/wp\/v2\/posts\/20111\/revisions"}],"predecessor-version":[{"id":20113,"href":"https:\/\/www.paranapraia.com.br\/index.php\/wp-json\/wp\/v2\/posts\/20111\/revisions\/20113"}],"wp:featuredmedia":[{"embeddable":true,"href":"https:\/\/www.paranapraia.com.br\/index.php\/wp-json\/wp\/v2\/media\/20112"}],"wp:attachment":[{"href":"https:\/\/www.paranapraia.com.br\/index.php\/wp-json\/wp\/v2\/media?parent=20111"}],"wp:term":[{"taxonomy":"category","embeddable":true,"href":"https:\/\/www.paranapraia.com.br\/index.php\/wp-json\/wp\/v2\/categories?post=20111"},{"taxonomy":"post_tag","embeddable":true,"href":"https:\/\/www.paranapraia.com.br\/index.php\/wp-json\/wp\/v2\/tags?post=20111"}],"curies":[{"name":"wp","href":"https:\/\/api.w.org\/{rel}","templated":true}]}}