{"id":20106,"date":"2019-09-25T17:46:13","date_gmt":"2019-09-25T20:46:13","guid":{"rendered":"https:\/\/www.paranapraia.com.br\/?p=20106"},"modified":"2019-09-25T17:46:15","modified_gmt":"2019-09-25T20:46:15","slug":"senado-aprova-por-68-votos-a-10-a-indicacao-de-augusto-aras-para-a-procuradoria-geral-da-republica","status":"publish","type":"post","link":"https:\/\/www.paranapraia.com.br\/index.php\/2019\/09\/25\/senado-aprova-por-68-votos-a-10-a-indicacao-de-augusto-aras-para-a-procuradoria-geral-da-republica\/","title":{"rendered":"Senado aprova por 68 votos a 10 a indica\u00e7\u00e3o de Augusto Aras para a Procuradoria-Geral da Rep\u00fablica"},"content":{"rendered":"\n<h4 class=\"wp-block-heading\">Dos 81 senadores, dois faltaram e um se absteve. Antes de vota\u00e7\u00e3o no plen\u00e1rio, Aras passou por sabatina de mais de 5 horas na CCJ.<\/h4>\n\n\n\n<p>Em vota\u00e7\u00e3o secreta, o plen\u00e1rio do Senado aprovou nesta quarta-feira (25), por 68 votos a 10, a indica\u00e7\u00e3o de Augusto Aras para chefiar a Procuradoria-Geral da Rep\u00fablica. Para ser aprovado, um indicado \u00e0 PGR precisa de pelo menos 41 votos. Dos 81 senadores, dois faltaram e um se absteve.<\/p>\n\n\n\n<p>Aras foi escolhido pelo presidente Jair Bolsonaro\u00a0para ser o\u00a0sucessor de Raquel Dodge\u00a0\u00e0 frente do Minist\u00e9rio P\u00fablico Federal. Com a aprova\u00e7\u00e3o do Senado, Aras ficar\u00e1 no cargo pelos pr\u00f3ximos dois anos.<\/p>\n\n\n\n<p>Antes da vota\u00e7\u00e3o no plen\u00e1rio principal do Senado,\u00a0Aras passou por uma sabatina de mais de cinco horas na Comiss\u00e3o de Constitui\u00e7\u00e3o e Justi\u00e7a (CCJ) da Casa. No colegiado, recebeu 23 votos favor\u00e1veis e somente 3 contr\u00e1rios.<\/p>\n\n\n\n<p>Com a aprova\u00e7\u00e3o no Senado, ser\u00e1 marcada uma data para a posse de Aras como chefe do MPF.<\/p>\n\n\n\n<p>Logo ap\u00f3s a vota\u00e7\u00e3o, o presidente do Senado, Davi Alcolumbre (DEM-AP), assinou mensagem que, segundo o senador, ser\u00e1 \u201cimediatamente\u201d encaminhada ao Pal\u00e1cio do Planalto, para comunicar ao presidente a aprova\u00e7\u00e3o do indicado.<\/p>\n\n\n\n<p>Ao lado de Aras, Alcolumbre cumprimentou o subprocurador e desejou \u201c\u00eaxito\u201d ao aprovado. \u201cMuita sorte na condu\u00e7\u00e3o da PGR, para que possamos juntos pacificar o Brasil\u201d, disse o presidente da Casa.<\/p>\n\n\n\n<p>G1<\/p>\n","protected":false},"excerpt":{"rendered":"<p>Dos 81 senadores, dois faltaram e um se absteve. Antes de vota\u00e7\u00e3o no plen\u00e1rio, Aras passou por sabatina de mais de 5 horas na CCJ. Em vota\u00e7\u00e3o secreta, o plen\u00e1rio do Senado aprovou nesta quarta-feira (25), por 68 votos a 10, a indica\u00e7\u00e3o de Augusto Aras para chefiar a Procuradoria-Geral da Rep\u00fablica. Para ser aprovado, [&hellip;]<\/p>\n","protected":false},"author":2,"featured_media":20107,"comment_status":"open","ping_status":"open","sticky":false,"template":"","format":"standard","meta":{"advanced_seo_description":"","jetpack_seo_html_title":"","jetpack_seo_noindex":false,"_jetpack_memberships_contains_paid_content":false,"footnotes":""},"categories":[32],"tags":[],"class_list":{"0":"post-20106","1":"post","2":"type-post","3":"status-publish","4":"format-standard","5":"has-post-thumbnail","7":"category-politica"},"jetpack_featured_media_url":"https:\/\/www.paranapraia.com.br\/wp-content\/uploads\/2019\/09\/arasccj2.jpg","jetpack_sharing_enabled":true,"_links":{"self":[{"href":"https:\/\/www.paranapraia.com.br\/index.php\/wp-json\/wp\/v2\/posts\/20106"}],"collection":[{"href":"https:\/\/www.paranapraia.com.br\/index.php\/wp-json\/wp\/v2\/posts"}],"about":[{"href":"https:\/\/www.paranapraia.com.br\/index.php\/wp-json\/wp\/v2\/types\/post"}],"author":[{"embeddable":true,"href":"https:\/\/www.paranapraia.com.br\/index.php\/wp-json\/wp\/v2\/users\/2"}],"replies":[{"embeddable":true,"href":"https:\/\/www.paranapraia.com.br\/index.php\/wp-json\/wp\/v2\/comments?post=20106"}],"version-history":[{"count":1,"href":"https:\/\/www.paranapraia.com.br\/index.php\/wp-json\/wp\/v2\/posts\/20106\/revisions"}],"predecessor-version":[{"id":20108,"href":"https:\/\/www.paranapraia.com.br\/index.php\/wp-json\/wp\/v2\/posts\/20106\/revisions\/20108"}],"wp:featuredmedia":[{"embeddable":true,"href":"https:\/\/www.paranapraia.com.br\/index.php\/wp-json\/wp\/v2\/media\/20107"}],"wp:attachment":[{"href":"https:\/\/www.paranapraia.com.br\/index.php\/wp-json\/wp\/v2\/media?parent=20106"}],"wp:term":[{"taxonomy":"category","embeddable":true,"href":"https:\/\/www.paranapraia.com.br\/index.php\/wp-json\/wp\/v2\/categories?post=20106"},{"taxonomy":"post_tag","embeddable":true,"href":"https:\/\/www.paranapraia.com.br\/index.php\/wp-json\/wp\/v2\/tags?post=20106"}],"curies":[{"name":"wp","href":"https:\/\/api.w.org\/{rel}","templated":true}]}}