{"id":20100,"date":"2019-09-25T17:32:39","date_gmt":"2019-09-25T20:32:39","guid":{"rendered":"https:\/\/www.paranapraia.com.br\/?p=20100"},"modified":"2019-09-25T17:32:40","modified_gmt":"2019-09-25T20:32:40","slug":"bolsonaro-tem-que-sair-diz-lider-indigena-chamado-de-peca-de-manobra-pelo-presidente-na-onu","status":"publish","type":"post","link":"https:\/\/www.paranapraia.com.br\/index.php\/2019\/09\/25\/bolsonaro-tem-que-sair-diz-lider-indigena-chamado-de-peca-de-manobra-pelo-presidente-na-onu\/","title":{"rendered":"Bolsonaro &#8216;tem que sair&#8217;, diz l\u00edder ind\u00edgena chamado de &#8216;pe\u00e7a de manobra&#8217; pelo presidente na ONU"},"content":{"rendered":"\n<h4 class=\"wp-block-heading\">Em discurso na ONU, Bolsonaro disse que Raoni, conhecido pela defesa dos direitos de povos ind\u00edgenas, foi usado por estrangeiros interessados em &#8216;avan\u00e7ar seus interesses na Amaz\u00f4nia&#8217;.<\/h4>\n\n\n\n<p>O cacique\u00a0Raoni Metuktire\u00a0afirmou nesta quarta-feira (24) que o presidente\u00a0Jair Bolsonaro\u00a0&#8220;n\u00e3o \u00e9 uma lideran\u00e7a&#8221; e &#8220;tem que sair&#8221; do governo (<em>veja no v\u00eddeo abaixo<\/em>).<\/p>\n\n\n\n<p>A fala do cacique se deu um dia ap\u00f3s ter ele sido citado em\u00a0discurso\u00a0do presidente na Assembleia Geral da Organiza\u00e7\u00e3o das Na\u00e7\u00f5es Unidas (ONU).<\/p>\n\n\n\n<p>Conhecido internacionalmente pela defesa dos direitos dos povos ind\u00edgenas, ele foi chamado por Bolsonaro de &#8220;pe\u00e7a de manobra&#8221; usada por governos estrangeiros para &#8220;avan\u00e7ar seus interesses na Amaz\u00f4nia&#8221;.<\/p>\n\n\n\n<p>&#8220;O Bolsonaro falou que n\u00e3o sou uma lideran\u00e7a. Ele que n\u00e3o \u00e9 lideran\u00e7a e tem que sair&#8221;, afirmou o l\u00edder ind\u00edgena.<\/p>\n\n\n\n<p>Em seu discurso, Bolsonaro n\u00e3o disse a quais governos se referia, mas recentemente\u00a0Raoni se encontrou com o presidente da Fran\u00e7a, Emmanuel Macron, em busca de apoio para a defesa da Amaz\u00f4nia.<\/p>\n\n\n\n<p>No giro europeu que fez na ocasi\u00e3o, o cacique tamb\u00e9m esteve com o papa Francisco e passou pelo Festival de Cannes.<\/p>\n\n\n\n<p>Raoni foi ao Congresso Nacional participar de uma reuni\u00e3o do F\u00f3rum em Defesa da Amaz\u00f4nia, promovida por partidos de oposi\u00e7\u00e3o ao governo Bolsonaro.<\/p>\n\n\n\n<figure class=\"wp-block-image\"><img decoding=\"async\" src=\"https:\/\/s04.video.glbimg.com\/x720\/7950635.jpg\" alt=\"Raoni: 'Bolsonaro falou que n\u00e3o sou lideran\u00e7a; ele que n\u00e3o \u00e9 lideran\u00e7a e tem que sair'\"\/><\/figure>\n\n\n\n<p>Raoni: &#8216;Bolsonaro falou que n\u00e3o sou lideran\u00e7a; ele que n\u00e3o \u00e9 lideran\u00e7a e tem que sair&#8217;<\/p>\n\n\n\n<p>Ainda em seu discurso na ONU, o presidente brasileiro afirmou que &#8220;a vis\u00e3o de um l\u00edder ind\u00edgena n\u00e3o representa a de todos os \u00edndios brasileiros&#8221;.<\/p>\n\n\n\n<p>Aos 89 anos, o cacique do povo caiap\u00f3 \u00e9, h\u00e1 d\u00e9cadas, considerado um dos l\u00edderes ind\u00edgenas de maior renome mundial.<\/p>\n\n\n\n<p>Neste m\u00eas, a Funda\u00e7\u00e3o Darcy Ribeiro prop\u00f4s a candidatura de Raoni ao Pr\u00eamio Nobel da Paz de 2020 por sua luta pelos povos e pela preserva\u00e7\u00e3o da Amaz\u00f4nia.<\/p>\n\n\n\n<p>Segundo Bolsonaro, pessoas dentro e fora do Brasil, com apoio de organiza\u00e7\u00f5es n\u00e3o-governamentais, &#8220;teimam em tratar e em manter&#8221; os \u00edndios brasileiros &#8220;como verdadeiros homens das cavernas&#8221;.<\/p>\n\n\n\n<p>O presidente ainda defendeu uma &#8220;nova pol\u00edtica indigenista&#8221; no pa\u00eds a fim de buscar &#8220;autonomia econ\u00f4mica&#8221; dos ind\u00edgenas.<\/p>\n\n\n\n<h2 class=\"wp-block-heading\">\u00cdndia que acompanhou Bolsonaro<\/h2>\n\n\n\n<p>Nesta quarta-feira (25), o l\u00edder do governo na C\u00e2mara, Major V\u00edtor Hugo (PSL-GO) e deputados do PSL receberam a \u00edndia Ysani Kalapalo, que acompanhou, a convite, a participa\u00e7\u00e3o do presidente Jair Bolsonaro na 74\u00aa Assembleia Geral das Na\u00e7\u00f5es Unidas (ONU).<\/p>\n\n\n\n<p>Kalapalo \u00e9 da aldeia Tehungu, no Parque Ind\u00edgena do Xingu (MT). A presen\u00e7a da jovem na assembleia foi repudiada por representantes de 16 povos ind\u00edgenas do Xingu.<\/p>\n\n\n\n<p>Em nota, o grupo afirmou: \u201cN\u00e3o aceitamos e nunca aceitaremos que o governo brasileiro indique por conta pr\u00f3pria nossa representa\u00e7\u00e3o ind\u00edgena sem nos consultar atrav\u00e9s de nossas organiza\u00e7\u00f5es e lideran\u00e7as reconhecidos e respaldados por n\u00f3s\u201d.<\/p>\n\n\n\n<p>A visita de Kalapalo \u00e0 C\u00e2mara foi acompanhada pela secret\u00e1ria Especial de Sa\u00fade Ind\u00edgena (SESAI) do Minist\u00e9rio da Sa\u00fade, Silvia Wai\u00e3pi; e por outros quatro l\u00edderes ind\u00edgenas.<\/p>\n\n\n\n<p>O grupo afirmou que outros representantes de comunidades n\u00e3o puderam comparecer mas gravaram v\u00eddeos de apoio a Kalapalo.<\/p>\n\n\n\n<p>Os l\u00edderes afirmaram ainda que representam mais de 58 povos ind\u00edgenas. A pauta em comum \u00e9 a liberdade para o desenvolvimento dos ind\u00edgenas.<\/p>\n\n\n\n<p>Questionada sobre a manifesta\u00e7\u00e3o dos que protestaram pela escolha dela como representante dos ind\u00edgenas brasileiros na ONU, Ysani Kalapalo afirmou:<\/p>\n\n\n\n<p>\u201cSempre eles falaram por n\u00f3s. Mas aqui estou eu, falando por mim e pela comunidade. Eles podem n\u00e3o se sentir representados por mim, mas eu estou aqui representando aquelas pessoas que n\u00e3o t\u00eam voz\u201d, afirmou.<\/p>\n\n\n\n<p>Durante entrevista na C\u00e2mara, Kalapalo disse que n\u00e3o h\u00e1 uma \u00fanica lideran\u00e7a ind\u00edgena que represente toda as comunidades.<\/p>\n\n\n\n<p>\u201cCada aldeia tem o seu pr\u00f3prio cacique, a sua pr\u00f3pria lideran\u00e7a. Um \u00fanico cacique n\u00e3o fala por n\u00f3s. Para voc\u00ea falar por todos os povos ind\u00edgenas voc\u00ea tem que viajar todas as aldeias ind\u00edgenas, voc\u00ea tem que conhecer a realidade daquela comunidade. N\u00e3o existe um \u00fanico cacique que fala por todos\u201d, declarou.<\/p>\n\n\n\n<p>Ela relatou que recebeu amea\u00e7as de morte e disse que j\u00e1 procurou as autoridades para investigar essas amea\u00e7as. Kalapalo se emocionou ao falar da morte de um tio, h\u00e1 quatro dias. Segundo ela, o tio se matou porque \u201cn\u00e3o aguentava mais ser tratado como \u00edndio do s\u00e9culo passado\u201d.<\/p>\n\n\n\n<p>Ysani Kalapalo defendeu que os ind\u00edgenas devem ter liberdade de escolha e independ\u00eancia financeira, tese tamb\u00e9m defendida pelo presidente Jair Bolsonaro.<\/p>\n\n\n\n<p>\u201cHoje, o \u00edndio que ter o mesmo direito que qualquer cidad\u00e3o brasileiro tem&#8221;, afirmou. \u201cO \u00edndio quer sim garimpar, quer sim plantar, porque n\u00e3o? Por que o \u00edndio n\u00e3o pode ter sua independ\u00eancia financeira?\u201d, acrescentou.<\/p>\n\n\n\n<p>G1<\/p>\n","protected":false},"excerpt":{"rendered":"<p>Em discurso na ONU, Bolsonaro disse que Raoni, conhecido pela defesa dos direitos de povos ind\u00edgenas, foi usado por estrangeiros interessados em &#8216;avan\u00e7ar seus interesses na Amaz\u00f4nia&#8217;. O cacique\u00a0Raoni Metuktire\u00a0afirmou nesta quarta-feira (24) que o presidente\u00a0Jair Bolsonaro\u00a0&#8220;n\u00e3o \u00e9 uma lideran\u00e7a&#8221; e &#8220;tem que sair&#8221; do governo (veja no v\u00eddeo abaixo). A fala do cacique se [&hellip;]<\/p>\n","protected":false},"author":2,"featured_media":20101,"comment_status":"open","ping_status":"open","sticky":false,"template":"","format":"standard","meta":{"advanced_seo_description":"","jetpack_seo_html_title":"","jetpack_seo_noindex":false,"_jetpack_memberships_contains_paid_content":false,"footnotes":""},"categories":[1],"tags":[],"class_list":{"0":"post-20100","1":"post","2":"type-post","3":"status-publish","4":"format-standard","5":"has-post-thumbnail","7":"category-sem-categoria"},"jetpack_featured_media_url":"https:\/\/www.paranapraia.com.br\/wp-content\/uploads\/2019\/09\/buu.jpeg","jetpack_sharing_enabled":true,"_links":{"self":[{"href":"https:\/\/www.paranapraia.com.br\/index.php\/wp-json\/wp\/v2\/posts\/20100"}],"collection":[{"href":"https:\/\/www.paranapraia.com.br\/index.php\/wp-json\/wp\/v2\/posts"}],"about":[{"href":"https:\/\/www.paranapraia.com.br\/index.php\/wp-json\/wp\/v2\/types\/post"}],"author":[{"embeddable":true,"href":"https:\/\/www.paranapraia.com.br\/index.php\/wp-json\/wp\/v2\/users\/2"}],"replies":[{"embeddable":true,"href":"https:\/\/www.paranapraia.com.br\/index.php\/wp-json\/wp\/v2\/comments?post=20100"}],"version-history":[{"count":1,"href":"https:\/\/www.paranapraia.com.br\/index.php\/wp-json\/wp\/v2\/posts\/20100\/revisions"}],"predecessor-version":[{"id":20102,"href":"https:\/\/www.paranapraia.com.br\/index.php\/wp-json\/wp\/v2\/posts\/20100\/revisions\/20102"}],"wp:featuredmedia":[{"embeddable":true,"href":"https:\/\/www.paranapraia.com.br\/index.php\/wp-json\/wp\/v2\/media\/20101"}],"wp:attachment":[{"href":"https:\/\/www.paranapraia.com.br\/index.php\/wp-json\/wp\/v2\/media?parent=20100"}],"wp:term":[{"taxonomy":"category","embeddable":true,"href":"https:\/\/www.paranapraia.com.br\/index.php\/wp-json\/wp\/v2\/categories?post=20100"},{"taxonomy":"post_tag","embeddable":true,"href":"https:\/\/www.paranapraia.com.br\/index.php\/wp-json\/wp\/v2\/tags?post=20100"}],"curies":[{"name":"wp","href":"https:\/\/api.w.org\/{rel}","templated":true}]}}