{"id":20097,"date":"2019-09-25T17:29:57","date_gmt":"2019-09-25T20:29:57","guid":{"rendered":"https:\/\/www.paranapraia.com.br\/?p=20097"},"modified":"2019-09-25T17:29:58","modified_gmt":"2019-09-25T20:29:58","slug":"conferencia-discute-a-inovacao-tecnologica-na-educacao-basica-de-umuarama","status":"publish","type":"post","link":"https:\/\/www.paranapraia.com.br\/index.php\/2019\/09\/25\/conferencia-discute-a-inovacao-tecnologica-na-educacao-basica-de-umuarama\/","title":{"rendered":"Confer\u00eancia discute a inova\u00e7\u00e3o tecnol\u00f3gica na educa\u00e7\u00e3o b\u00e1sica de Umuarama"},"content":{"rendered":"\n<h4 class=\"wp-block-heading\">Encontro tratou sobre a import\u00e2ncia das tecnologias e metodologias ativas no contexto educacional<\/h4>\n\n\n\n<p>O Conselho Municipal de Educa\u00e7\u00e3o, a Secretaria Municipal de Educa\u00e7\u00e3o e a Comiss\u00e3o do Plano Local de Inova\u00e7\u00e3o (PLI) realizaram nesta ter\u00e7a-feira (24) a 5\u00aa Confer\u00eancia de Educa\u00e7\u00e3o de Umuarama, que lotou o anfiteatro do Campus III da Universidade Paranaense (Unipar), durante todo o dia \u2013 das 8h \u00e0s 17h.<\/p>\n\n\n\n<p>O secret\u00e1rio municipal de Administra\u00e7\u00e3o, Vicente Afonso Gasparini, disse que a tecnologia vem transformando o mundo e que os educadores precisam acompanhar essa evolu\u00e7\u00e3o para orientar melhor as crian\u00e7as. \u201cEsse \u00e9 um aprendizado importante ao qual n\u00f3s tamb\u00e9m temos de nos render, para aproveitar o grande potencial das novas gera\u00e7\u00f5es\u201d, disse.<\/p>\n\n\n\n<p>A secret\u00e1ria de Educa\u00e7\u00e3o do munic\u00edpio, Mauriza Gon\u00e7alves de Lima Menegasso, destacou a import\u00e2ncia do tema da confer\u00eancia \u2013 que tratou sobre a import\u00e2ncia das tecnologias e metodologias ativas no contexto educacional, voltadas \u00e0 educa\u00e7\u00e3o b\u00e1sica \u2013 e disse que os professores, especialmente, precisam estar atualizados. \u201cNossas 42 unidades escolares contam com internet e ferramentas tecnol\u00f3gicas para planejar, organizar e aplicar novos conhecimentos. Por\u00e9m ainda falta forma\u00e7\u00e3o para que tudo isso seja aproveitado, para realizar esse potencial\u201d, afirmou.<\/p>\n\n\n\n<p>A tecnologia precisa chegar \u00e0s crian\u00e7as por meio do professor, disse a secret\u00e1ria, por\u00e9m \u00e9 necess\u00e1rio capacita\u00e7\u00e3o. \u201cPrecisamos utilizar todos os recursos poss\u00edveis. O desafio \u00e9 abrir a cabe\u00e7a para as novidades, para aprender mais e colocar tudo isso em pr\u00e1tica. Os nossos alunos s\u00e3o \u2018digitais\u2019 e a gente ainda pensa de forma \u2018anal\u00f3gica\u2019, ou seja, precisamos nos atualizar constantemente\u201d, completou Mauriza.<\/p>\n\n\n\n<p>O presidente do Conselho Municipal de Educa\u00e7\u00e3o, Aninoel Pedroso, parabenizou a toda a equipe envolvida na organiza\u00e7\u00e3o da confer\u00eancia e disse que a tarefa \u00e9 construir uma proposta de inova\u00e7\u00e3o local e a participa\u00e7\u00e3o popular \u00e9 muito importante, \u201cpois ela est\u00e1 em todos os avan\u00e7os, ideias e prepostas, e sabe que rumo trilhar\u201d. Estiveram presentes, ainda, representantes do N\u00facleo Regional de Ensino (NRE), da C\u00e2mara Municipal e da Unipar, \u201ca quem agradecemos por ter cedido o espa\u00e7o e a estrutura para a nossa confer\u00eancia\u201d, finalizou Patr\u00edcia de Ara\u00fajo Abucarma Stevanato, uma das organizadoras do evento.<\/p>\n\n\n\n<p>Ap\u00f3s a leitura e aprova\u00e7\u00e3o do regimento interno e o caf\u00e9 da manh\u00e3, a professora La\u00eds Bueno Tonin apresentou a palestra \u201cA import\u00e2ncia das tecnologias e metodologias ativas no contexto educacional\u201d. \u00c0 tarde, os participantes da confer\u00eancia foram divididos em grupos de trabalho e discutiram as diferentes dimens\u00f5es de vis\u00e3o, compet\u00eancia e forma\u00e7\u00e3o, conte\u00fados e recursos digitais e, por fim, infraestrutura. A plen\u00e1ria geral por grupo de trabalho, para aprecia\u00e7\u00e3o coletiva das proposi\u00e7\u00f5es, completou a programa\u00e7\u00e3o do evento.<\/p>\n\n\n\n<p>Portal da Cidade<\/p>\n","protected":false},"excerpt":{"rendered":"<p>Encontro tratou sobre a import\u00e2ncia das tecnologias e metodologias ativas no contexto educacional O Conselho Municipal de Educa\u00e7\u00e3o, a Secretaria Municipal de Educa\u00e7\u00e3o e a Comiss\u00e3o do Plano Local de Inova\u00e7\u00e3o (PLI) realizaram nesta ter\u00e7a-feira (24) a 5\u00aa Confer\u00eancia de Educa\u00e7\u00e3o de Umuarama, que lotou o anfiteatro do Campus III da Universidade Paranaense (Unipar), durante [&hellip;]<\/p>\n","protected":false},"author":2,"featured_media":20098,"comment_status":"open","ping_status":"open","sticky":false,"template":"","format":"standard","meta":{"advanced_seo_description":"","jetpack_seo_html_title":"","jetpack_seo_noindex":false,"_jetpack_memberships_contains_paid_content":false,"footnotes":""},"categories":[42],"tags":[],"class_list":{"0":"post-20097","1":"post","2":"type-post","3":"status-publish","4":"format-standard","5":"has-post-thumbnail","7":"category-cidades"},"jetpack_featured_media_url":"https:\/\/www.paranapraia.com.br\/wp-content\/uploads\/2019\/09\/evemt.jpg","jetpack_sharing_enabled":true,"_links":{"self":[{"href":"https:\/\/www.paranapraia.com.br\/index.php\/wp-json\/wp\/v2\/posts\/20097"}],"collection":[{"href":"https:\/\/www.paranapraia.com.br\/index.php\/wp-json\/wp\/v2\/posts"}],"about":[{"href":"https:\/\/www.paranapraia.com.br\/index.php\/wp-json\/wp\/v2\/types\/post"}],"author":[{"embeddable":true,"href":"https:\/\/www.paranapraia.com.br\/index.php\/wp-json\/wp\/v2\/users\/2"}],"replies":[{"embeddable":true,"href":"https:\/\/www.paranapraia.com.br\/index.php\/wp-json\/wp\/v2\/comments?post=20097"}],"version-history":[{"count":1,"href":"https:\/\/www.paranapraia.com.br\/index.php\/wp-json\/wp\/v2\/posts\/20097\/revisions"}],"predecessor-version":[{"id":20099,"href":"https:\/\/www.paranapraia.com.br\/index.php\/wp-json\/wp\/v2\/posts\/20097\/revisions\/20099"}],"wp:featuredmedia":[{"embeddable":true,"href":"https:\/\/www.paranapraia.com.br\/index.php\/wp-json\/wp\/v2\/media\/20098"}],"wp:attachment":[{"href":"https:\/\/www.paranapraia.com.br\/index.php\/wp-json\/wp\/v2\/media?parent=20097"}],"wp:term":[{"taxonomy":"category","embeddable":true,"href":"https:\/\/www.paranapraia.com.br\/index.php\/wp-json\/wp\/v2\/categories?post=20097"},{"taxonomy":"post_tag","embeddable":true,"href":"https:\/\/www.paranapraia.com.br\/index.php\/wp-json\/wp\/v2\/tags?post=20097"}],"curies":[{"name":"wp","href":"https:\/\/api.w.org\/{rel}","templated":true}]}}