{"id":20094,"date":"2019-09-25T17:27:59","date_gmt":"2019-09-25T20:27:59","guid":{"rendered":"https:\/\/www.paranapraia.com.br\/?p=20094"},"modified":"2019-09-25T17:28:05","modified_gmt":"2019-09-25T20:28:05","slug":"torcedor-agradece-pm-que-salvou-sua-vida-apos-explodir-a-mao-com-fogos","status":"publish","type":"post","link":"https:\/\/www.paranapraia.com.br\/index.php\/2019\/09\/25\/torcedor-agradece-pm-que-salvou-sua-vida-apos-explodir-a-mao-com-fogos\/","title":{"rendered":"Torcedor agradece PM que salvou sua vida ap\u00f3s explodir a m\u00e3o com fogos"},"content":{"rendered":"\n<p>Ainda \u00e9 recente, aconteceu h\u00e1 pouco mais de uma semana. A explos\u00e3o de um roj\u00e3o\u00a0arrancou a m\u00e3o de Weslley Pontes, no Aeroporto de\u00a0<strong>S\u00e3o Jos\u00e9 dos Pinhais<\/strong>, na Regi\u00e3o Metropolitana de\u00a0<strong>Curitiba<\/strong>, na \u00faltima ter\u00e7a-feira (17). O torcedor atleticano, que acompanhava o embarque da equipe rumo a Porto Alegre, onde disputou a grande final da Copa do Brasil, recebeu alta no final da manh\u00e3 de domingo (22).<\/p>\n\n\n\n<p>Em conversa com a\u00a0Tribuna, Pontes conta como est\u00e3o os dias ap\u00f3s o acidente e como est\u00e1 se recuperando. Ele fala da emo\u00e7\u00e3o que viveu ao ver o\u00a0Athletico campe\u00e3o\u00a0e tamb\u00e9m da homenagem que recebeu do meia Nik\u00e3o, ap\u00f3s o jogo. \u201cEstou bem, mas a dor \u00e9 intensa. Ainda estou tomando rem\u00e9dio para aliviar a dor, que vai ficar por um tempo ainda, mas estou me recuperando\u201d, comenta.<\/p>\n\n\n\n<h2 class=\"wp-block-heading\">Torcedor apaixonado<\/h2>\n\n\n\n<p>\u00c9 claro, como todo torcedor fan\u00e1tico, Weslley n\u00e3o deixaria de assistir a final da Copa do Brasil. Mesmo no hospital, ele&nbsp;<a href=\"https:\/\/www.tribunapr.com.br\/esportes\/athletico\/torcedor-do-athletico-que-perdeu-mao-faz-pedido-ao-time\/\" target=\"_blank\" rel=\"noreferrer noopener\">deu um jeitinho de acompanhar a conquista<\/a>. E a ajuda veio de forma inusitada: de um Coxa-branca e de um Paranista. \u201cOs meninos da farm\u00e1cia do hospital foram bem gentis. Eles instalaram uma TV maior, porque a gente estava com uma de tubo, a imagem era ruim. Sempre que dava uma folguinha, eles vinham dar uma olhadinha no jogo. Eles comemoraram o t\u00edtulo comigo\u201d, diz Weslley.<\/p>\n\n\n\n<p>Mas para ele, a emo\u00e7\u00e3o do jogo acabou minimizada pela homenagem de Nik\u00e3o ao final da partida. \u201cA homenagem que o Nik\u00e3o fez pra mim, destruiu emocionalmente, cai em l\u00e1grimas. O cara poderia estar comemorando o t\u00edtulo, mas ele se lembrou de mim, vai ficar marcado\u201d.<\/p>\n\n\n\n<p>E a lembran\u00e7a no dia em que a delega\u00e7\u00e3o celebrava a conquista marcou igualmente o torcedor. \u201cNo outro dia, eles fizeram uma homenagem na frente da minha casa. Minha m\u00e3e estava chegando do servi\u00e7o e escutou. Meu sobrinho, meu irm\u00e3o, ouviram tamb\u00e9m, foi uma felicidade, n\u00e3o tem dinheiro que pague. Eu chorei. Pra mim n\u00e3o tem pre\u00e7o\u201d, diz o emocionado Weslley.<\/p>\n\n\n\n<p>Com a ta\u00e7a da Copa do Brasil j\u00e1 em \u2018casa\u2019, o torcedor agora sonha com voos maiores para o Furac\u00e3o. \u201cUm sonho realizado, agora vamos em busca da Libertadores e depois o Mundial, \u00e9 um pedido que fiz aos jogadores. Eu pedi a ta\u00e7a da Copa do Brasil e eles trouxeram, n\u00e3o custa sonhar. E n\u00e3o \u00e9 imposs\u00edvel\u201d, completa.<\/p>\n\n\n\n<figure class=\"wp-block-image\"><img decoding=\"async\" src=\"https:\/\/www.tribunapr.com.br\/wp-content\/uploads\/sites\/1\/2019\/09\/torcedor-atleticano-faixa-arquivo-pessoal.jpg\" alt=\"Weslley se recupera em casa e exibe a faixa de campe\u00e3o da Copa do Brasil. Foto: Arquivo Pessoal\" class=\"wp-image-3027088\"\/><figcaption>Weslley se recupera em casa e exibe a faixa de campe\u00e3o da Copa do Brasil. Foto: Arquivo Pessoal<\/figcaption><\/figure>\n\n\n\n<h2 class=\"wp-block-heading\">Gratid\u00e3o!<\/h2>\n\n\n\n<p>\u201cMuitas pessoas solid\u00e1rias, o Brasil tem muita gente boa, um povo muito generoso. O que aconteceu comigo, milhares de pessoas ajudando, j\u00e1 tenho at\u00e9 uma pr\u00f3tese para ganhar. O que a gente faz aqui a gente colhe, eu n\u00e3o sabia que era t\u00e3o querido pelos amigos. Eu sempre ajudo meus amigos e agora estou colhendo isso\u201d. Assim, Pontes resumiu as muitas mensagens de apoio e ajuda que tem recebido desde o acidente.<\/p>\n\n\n\n<p>O torcedor, no entanto, aproveitou para agradecer a algu\u00e9m muito especial, que quase sempre passa despercebido do grande p\u00fablico mas que teve um papel fundamental no momento da fatalidade. De acordo com Weslley, a a\u00e7\u00e3o do policial que o socorreu naquele dia foi heroica. \u201cS\u00f3 tenho a agradecer. A a\u00e7\u00e3o do policial foi \u00f3tima. Ele usou o torniquete e estancou o ferimento e n\u00e3o deu nada no bra\u00e7o, foi perfeito. Ele salvou a minha vida\u201d.<\/p>\n\n\n\n<h2 class=\"wp-block-heading\">Anjo da Guarda<\/h2>\n\n\n\n<p>Diego Feltrin, na Pol\u00edcia Militar desde 2013, se tornou Aspirante da PM esse ano. Al\u00e9m disso, participou de um treinamento sobre salvamento em combate no Comando e Opera\u00e7\u00f5es Especiais (COE) do BOPE (Batalh\u00e3o de Opera\u00e7\u00f5es Especiais) da Pol\u00edcia Militar. O Aspirante n\u00e3o imaginava que na \u00faltima ter\u00e7a teria que colocar em pr\u00e1tica tudo o que havia aprendido, em apenas um dia. Durante a chegada da delega\u00e7\u00e3o atleticana ao aeroporto, Pontes acendeu o roj\u00e3o que provocou a fatalidade. Rapidamente, Feltrin fez um \u2018torniquete\u2019 e correu ajudar a v\u00edtima.<\/p>\n\n\n\n<p>Uma semana ap\u00f3s o incidente, Feltrin conversou com a Tribuna e contou estar feliz em poder estar ali para ajudar. \u201cAconteceu tudo de forma inusitada, nem imaginava que teria essa repercuss\u00e3o. Fico muito grato. N\u00e3o pensei em reconhecimento ou recompensa, s\u00f3 pensei na miss\u00e3o em cumprir aquilo que fui treinado, fico bastante feliz dele ter tido o menor dano poss\u00edvel diante da gravidade da les\u00e3o dele\u201d, relata.<\/p>\n\n\n\n<p>Por um acaso da sorte, o Aspirante passou por treinamento em algumas das t\u00e9cnicas que foram necess\u00e1rias para minimizar os danos causados pela explos\u00e3o. \u201cTive treinamento pelo COE. S\u00e3o t\u00e9cnicas espec\u00edficas para salvamento em combate, quando um policial \u00e9 ferido com tiros em membros ou \u00e1reas convulsionais. Eu fui treinado para fazer o primeiro n\u00edvel de atendimento pr\u00e9-hospitalar de combate, onde pode ser utilizado alguns equipamentos, como o torniquete\u201d.<\/p>\n\n\n\n<h2 class=\"wp-block-heading\">Repercuss\u00e3o e reconhecimento<\/h2>\n\n\n\n<p>Feltrin conta que nunca imaginou que a atitude de ajudar o rapaz tivesse tanta repercuss\u00e3o, o que lhe rendeu at\u00e9 uma homenagem da Secretaria de Seguran\u00e7a P\u00fablica do Paran\u00e1 (SESP). \u201cN\u00e3o esperava esta forma de reconhecimento. Uma homenagem desse jeito estimula mais policiais a tomarem atitudes assim. Eu vejo que isso engradece o nome da Pol\u00edcia Militar como um todo, estimulando que mais pr\u00e1ticas como essa sejam empregadas\u201d.<\/p>\n\n\n\n<p>Na \u00faltima sexta- feira (20), o policial foi recebido pelo Secret\u00e1rio, o Coronel Romulo Marinho, da SESP, para receber uma homenagem individual pelo que fez naquele dia. Para Feltrin, o melhor \u00e9 a sensa\u00e7\u00e3o de \u2018dever cumprido\u2019. \u201cSentimento de dever cumprido. Todo local que vou estou sendo reconhecido. Cumpri minha miss\u00e3o e saber que estou preparado para agir diante da adversidade com uma resposta r\u00e1pida me deixa muito feliz\u201d, completa.<\/p>\n\n\n\n<p>TribunaPr<\/p>\n","protected":false},"excerpt":{"rendered":"<p>Ainda \u00e9 recente, aconteceu h\u00e1 pouco mais de uma semana. A explos\u00e3o de um roj\u00e3o\u00a0arrancou a m\u00e3o de Weslley Pontes, no Aeroporto de\u00a0S\u00e3o Jos\u00e9 dos Pinhais, na Regi\u00e3o Metropolitana de\u00a0Curitiba, na \u00faltima ter\u00e7a-feira (17). O torcedor atleticano, que acompanhava o embarque da equipe rumo a Porto Alegre, onde disputou a grande final da Copa do [&hellip;]<\/p>\n","protected":false},"author":2,"featured_media":20095,"comment_status":"open","ping_status":"open","sticky":false,"template":"","format":"standard","meta":{"advanced_seo_description":"","jetpack_seo_html_title":"","jetpack_seo_noindex":false,"_jetpack_memberships_contains_paid_content":false,"footnotes":""},"categories":[43],"tags":[],"class_list":{"0":"post-20094","1":"post","2":"type-post","3":"status-publish","4":"format-standard","5":"has-post-thumbnail","7":"category-cotidiano"},"jetpack_featured_media_url":"https:\/\/www.paranapraia.com.br\/wp-content\/uploads\/2019\/09\/explo.jpg","jetpack_sharing_enabled":true,"_links":{"self":[{"href":"https:\/\/www.paranapraia.com.br\/index.php\/wp-json\/wp\/v2\/posts\/20094"}],"collection":[{"href":"https:\/\/www.paranapraia.com.br\/index.php\/wp-json\/wp\/v2\/posts"}],"about":[{"href":"https:\/\/www.paranapraia.com.br\/index.php\/wp-json\/wp\/v2\/types\/post"}],"author":[{"embeddable":true,"href":"https:\/\/www.paranapraia.com.br\/index.php\/wp-json\/wp\/v2\/users\/2"}],"replies":[{"embeddable":true,"href":"https:\/\/www.paranapraia.com.br\/index.php\/wp-json\/wp\/v2\/comments?post=20094"}],"version-history":[{"count":1,"href":"https:\/\/www.paranapraia.com.br\/index.php\/wp-json\/wp\/v2\/posts\/20094\/revisions"}],"predecessor-version":[{"id":20096,"href":"https:\/\/www.paranapraia.com.br\/index.php\/wp-json\/wp\/v2\/posts\/20094\/revisions\/20096"}],"wp:featuredmedia":[{"embeddable":true,"href":"https:\/\/www.paranapraia.com.br\/index.php\/wp-json\/wp\/v2\/media\/20095"}],"wp:attachment":[{"href":"https:\/\/www.paranapraia.com.br\/index.php\/wp-json\/wp\/v2\/media?parent=20094"}],"wp:term":[{"taxonomy":"category","embeddable":true,"href":"https:\/\/www.paranapraia.com.br\/index.php\/wp-json\/wp\/v2\/categories?post=20094"},{"taxonomy":"post_tag","embeddable":true,"href":"https:\/\/www.paranapraia.com.br\/index.php\/wp-json\/wp\/v2\/tags?post=20094"}],"curies":[{"name":"wp","href":"https:\/\/api.w.org\/{rel}","templated":true}]}}