{"id":20088,"date":"2019-09-25T16:30:03","date_gmt":"2019-09-25T19:30:03","guid":{"rendered":"https:\/\/www.paranapraia.com.br\/?p=20088"},"modified":"2019-09-25T16:30:05","modified_gmt":"2019-09-25T19:30:05","slug":"audiencia-publica-sobre-a-lei-orcamentaria-anual-loa-2020-do-nosso-municipio","status":"publish","type":"post","link":"https:\/\/www.paranapraia.com.br\/index.php\/2019\/09\/25\/audiencia-publica-sobre-a-lei-orcamentaria-anual-loa-2020-do-nosso-municipio\/","title":{"rendered":"Audi\u00eancia P\u00fablica sobre a Lei Or\u00e7ament\u00e1ria Anual \u2013 LOA 2020 do nosso Munic\u00edpio"},"content":{"rendered":"\n<p>O Prefeito Municipal de Matinhos, RUY HAUER REICHERT, juntamente com a Secretaria de Planejamento, convida toda a popula\u00e7\u00e3o Matinhense para participa\u00e7\u00e3o popular em Audi\u00eancia P\u00fablica sobre a Lei Or\u00e7ament\u00e1ria Anual \u2013 LOA 2020 do nosso Munic\u00edpio.<\/p>\n\n\n\n<p>26\/09\/2019 \u2013 Local: Audit\u00f3rio Pastor Vicente Matias Louren\u00e7o na\u00a0 Prefeitura Municipal de Matinhos<\/p>\n\n\n\n<p>Prefeitura<\/p>\n","protected":false},"excerpt":{"rendered":"<p>O Prefeito Municipal de Matinhos, RUY HAUER REICHERT, juntamente com a Secretaria de Planejamento, convida toda a popula\u00e7\u00e3o Matinhense para participa\u00e7\u00e3o popular em Audi\u00eancia P\u00fablica sobre a Lei Or\u00e7ament\u00e1ria Anual \u2013 LOA 2020 do nosso Munic\u00edpio. 26\/09\/2019 \u2013 Local: Audit\u00f3rio Pastor Vicente Matias Louren\u00e7o na\u00a0 Prefeitura Municipal de Matinhos Prefeitura<\/p>\n","protected":false},"author":2,"featured_media":20089,"comment_status":"open","ping_status":"open","sticky":false,"template":"","format":"standard","meta":{"advanced_seo_description":"","jetpack_seo_html_title":"","jetpack_seo_noindex":false,"_jetpack_memberships_contains_paid_content":false,"footnotes":""},"categories":[42],"tags":[],"class_list":{"0":"post-20088","1":"post","2":"type-post","3":"status-publish","4":"format-standard","5":"has-post-thumbnail","7":"category-cidades"},"jetpack_featured_media_url":"https:\/\/www.paranapraia.com.br\/wp-content\/uploads\/2019\/09\/loa_2020.jpg","jetpack_sharing_enabled":true,"_links":{"self":[{"href":"https:\/\/www.paranapraia.com.br\/index.php\/wp-json\/wp\/v2\/posts\/20088"}],"collection":[{"href":"https:\/\/www.paranapraia.com.br\/index.php\/wp-json\/wp\/v2\/posts"}],"about":[{"href":"https:\/\/www.paranapraia.com.br\/index.php\/wp-json\/wp\/v2\/types\/post"}],"author":[{"embeddable":true,"href":"https:\/\/www.paranapraia.com.br\/index.php\/wp-json\/wp\/v2\/users\/2"}],"replies":[{"embeddable":true,"href":"https:\/\/www.paranapraia.com.br\/index.php\/wp-json\/wp\/v2\/comments?post=20088"}],"version-history":[{"count":1,"href":"https:\/\/www.paranapraia.com.br\/index.php\/wp-json\/wp\/v2\/posts\/20088\/revisions"}],"predecessor-version":[{"id":20090,"href":"https:\/\/www.paranapraia.com.br\/index.php\/wp-json\/wp\/v2\/posts\/20088\/revisions\/20090"}],"wp:featuredmedia":[{"embeddable":true,"href":"https:\/\/www.paranapraia.com.br\/index.php\/wp-json\/wp\/v2\/media\/20089"}],"wp:attachment":[{"href":"https:\/\/www.paranapraia.com.br\/index.php\/wp-json\/wp\/v2\/media?parent=20088"}],"wp:term":[{"taxonomy":"category","embeddable":true,"href":"https:\/\/www.paranapraia.com.br\/index.php\/wp-json\/wp\/v2\/categories?post=20088"},{"taxonomy":"post_tag","embeddable":true,"href":"https:\/\/www.paranapraia.com.br\/index.php\/wp-json\/wp\/v2\/tags?post=20088"}],"curies":[{"name":"wp","href":"https:\/\/api.w.org\/{rel}","templated":true}]}}