{"id":20085,"date":"2019-09-25T16:18:49","date_gmt":"2019-09-25T19:18:49","guid":{"rendered":"https:\/\/www.paranapraia.com.br\/?p=20085"},"modified":"2019-09-25T16:18:53","modified_gmt":"2019-09-25T19:18:53","slug":"tres-pessoas-morrem-apos-acidente-entre-dois-caminhoes-na-pr-317-em-nossa-senhora-das-gracas","status":"publish","type":"post","link":"https:\/\/www.paranapraia.com.br\/index.php\/2019\/09\/25\/tres-pessoas-morrem-apos-acidente-entre-dois-caminhoes-na-pr-317-em-nossa-senhora-das-gracas\/","title":{"rendered":"Tr\u00eas pessoas morrem ap\u00f3s acidente entre dois caminh\u00f5es na PR-317, em Nossa Senhora das Gra\u00e7as"},"content":{"rendered":"\n<h4 class=\"wp-block-heading\">Pol\u00edcia Rodovi\u00e1ria informou que caminh\u00f5es bateram de frente, na tarde desta quarta-feira (25).<\/h4>\n\n\n\n<p>Tr\u00eas pessoas morreram e uma sofreu ferimentos graves ap\u00f3s um acidente entre dois caminh\u00f5es na PR-317, em Nossa Senhora das Gra\u00e7as, no norte do Paran\u00e1, nesta quarta-feira (25).<\/p>\n\n\n\n<p>De acordo com a Pol\u00edcia Rodovi\u00e1ria Estadual (PRE), os dois ve\u00edculos bateram de frente. Com o impacto da batida parte das cargas se espalhou pela rodovia.<\/p>\n\n\n\n<p>O trecho est\u00e1 interditado nos dois sentidos.<\/p>\n\n\n\n<p>G1<\/p>\n","protected":false},"excerpt":{"rendered":"<p>Pol\u00edcia Rodovi\u00e1ria informou que caminh\u00f5es bateram de frente, na tarde desta quarta-feira (25). Tr\u00eas pessoas morreram e uma sofreu ferimentos graves ap\u00f3s um acidente entre dois caminh\u00f5es na PR-317, em Nossa Senhora das Gra\u00e7as, no norte do Paran\u00e1, nesta quarta-feira (25). De acordo com a Pol\u00edcia Rodovi\u00e1ria Estadual (PRE), os dois ve\u00edculos bateram de frente. [&hellip;]<\/p>\n","protected":false},"author":2,"featured_media":20086,"comment_status":"open","ping_status":"open","sticky":false,"template":"","format":"standard","meta":{"advanced_seo_description":"","jetpack_seo_html_title":"","jetpack_seo_noindex":false,"_jetpack_memberships_contains_paid_content":false,"footnotes":""},"categories":[52],"tags":[],"class_list":{"0":"post-20085","1":"post","2":"type-post","3":"status-publish","4":"format-standard","5":"has-post-thumbnail","7":"category-acidentes"},"jetpack_featured_media_url":"https:\/\/www.paranapraia.com.br\/wp-content\/uploads\/2019\/09\/acidente-nossa-senhora-das-gracas-2.jpg","jetpack_sharing_enabled":true,"_links":{"self":[{"href":"https:\/\/www.paranapraia.com.br\/index.php\/wp-json\/wp\/v2\/posts\/20085"}],"collection":[{"href":"https:\/\/www.paranapraia.com.br\/index.php\/wp-json\/wp\/v2\/posts"}],"about":[{"href":"https:\/\/www.paranapraia.com.br\/index.php\/wp-json\/wp\/v2\/types\/post"}],"author":[{"embeddable":true,"href":"https:\/\/www.paranapraia.com.br\/index.php\/wp-json\/wp\/v2\/users\/2"}],"replies":[{"embeddable":true,"href":"https:\/\/www.paranapraia.com.br\/index.php\/wp-json\/wp\/v2\/comments?post=20085"}],"version-history":[{"count":1,"href":"https:\/\/www.paranapraia.com.br\/index.php\/wp-json\/wp\/v2\/posts\/20085\/revisions"}],"predecessor-version":[{"id":20087,"href":"https:\/\/www.paranapraia.com.br\/index.php\/wp-json\/wp\/v2\/posts\/20085\/revisions\/20087"}],"wp:featuredmedia":[{"embeddable":true,"href":"https:\/\/www.paranapraia.com.br\/index.php\/wp-json\/wp\/v2\/media\/20086"}],"wp:attachment":[{"href":"https:\/\/www.paranapraia.com.br\/index.php\/wp-json\/wp\/v2\/media?parent=20085"}],"wp:term":[{"taxonomy":"category","embeddable":true,"href":"https:\/\/www.paranapraia.com.br\/index.php\/wp-json\/wp\/v2\/categories?post=20085"},{"taxonomy":"post_tag","embeddable":true,"href":"https:\/\/www.paranapraia.com.br\/index.php\/wp-json\/wp\/v2\/tags?post=20085"}],"curies":[{"name":"wp","href":"https:\/\/api.w.org\/{rel}","templated":true}]}}