{"id":20082,"date":"2019-09-25T16:17:46","date_gmt":"2019-09-25T19:17:46","guid":{"rendered":"https:\/\/www.paranapraia.com.br\/?p=20082"},"modified":"2019-09-25T16:17:48","modified_gmt":"2019-09-25T19:17:48","slug":"geracao-de-emprego-no-noroeste-sera-tema-de-forum-em-umuarama","status":"publish","type":"post","link":"https:\/\/www.paranapraia.com.br\/index.php\/2019\/09\/25\/geracao-de-emprego-no-noroeste-sera-tema-de-forum-em-umuarama\/","title":{"rendered":"Gera\u00e7\u00e3o de emprego no Noroeste ser\u00e1 tema de f\u00f3rum em Umuarama"},"content":{"rendered":"\n<h4 class=\"wp-block-heading\">Encontro \u00e9 promovido pela Assembleia Legislativa do Paran\u00e1 (Alep) e pretende fortalecer a gera\u00e7\u00e3o de emprego no Noroeste<\/h4>\n\n\n\n<p>\u201cGera\u00e7\u00e3o de Emprego e Melhoria de Renda\u201d ser\u00e1 o tema do 1\u00b0 F\u00f3rum da Frente Parlamentar para o Desenvolvimento do Noroeste, em Umuarama. O evento acontece na pr\u00f3xima quinta-feira (3), no Campus 3 da Universidade Paranaense (Unipar), em Umuarama. O encontro promovido pela Assembleia Legislativa do Paran\u00e1 (Alep) est\u00e1 previsto para come\u00e7ar \u00e0s 8h30.<\/p>\n\n\n\n<p>A regi\u00e3o Noroeste \u00e9 formada por 61 munic\u00edpios e tem uma economia baseada no agroneg\u00f3cio e algumas ind\u00fastrias do ramo aliment\u00edcio e t\u00eaxtil. Para o deputado estadual e coordenador da frente, Fernando Martins (PSL), a regi\u00e3o est\u00e1 sendo castigada com a falta de investimentos, o que gera falta de emprego e, consequentemente, uma estagna\u00e7\u00e3o na economia local.<\/p>\n\n\n\n<p>A Frente Parlamentar foi lan\u00e7ada em 11 de junho deste ano. No primeiro encontro, os deputados que comp\u00f5em a Frente aprovaram, por unanimidade, o Regimento apresentado pelo deputado Fernando Martins e se comprometeram com um calend\u00e1rio de reuni\u00f5es e audi\u00eancias p\u00fablicas para mobilizar as lideran\u00e7as, autoridades e a popula\u00e7\u00e3o.<\/p>\n\n\n\n<p>O 1\u00ba F\u00f3rum da Frente, que acontece na pr\u00f3xima semana, contar\u00e1 com a presen\u00e7a de empres\u00e1rios, industriais, comerciantes, cooperativas, entidades e pol\u00edticos para uma discuss\u00e3o sobre os novos caminhos para o Noroeste do Paran\u00e1. O deputado Fernando Martins destaca a participa\u00e7\u00e3o da popula\u00e7\u00e3o no evento. \u201c\u00c9 preciso ver com os olhos de quem vive os problemas da regi\u00e3o\u201d, disse o parlamentar.<\/p>\n\n\n\n<p>Portal da Cidade<\/p>\n","protected":false},"excerpt":{"rendered":"<p>Encontro \u00e9 promovido pela Assembleia Legislativa do Paran\u00e1 (Alep) e pretende fortalecer a gera\u00e7\u00e3o de emprego no Noroeste \u201cGera\u00e7\u00e3o de Emprego e Melhoria de Renda\u201d ser\u00e1 o tema do 1\u00b0 F\u00f3rum da Frente Parlamentar para o Desenvolvimento do Noroeste, em Umuarama. O evento acontece na pr\u00f3xima quinta-feira (3), no Campus 3 da Universidade Paranaense (Unipar), [&hellip;]<\/p>\n","protected":false},"author":2,"featured_media":20083,"comment_status":"open","ping_status":"open","sticky":false,"template":"","format":"standard","meta":{"advanced_seo_description":"","jetpack_seo_html_title":"","jetpack_seo_noindex":false,"_jetpack_memberships_contains_paid_content":false,"footnotes":""},"categories":[42],"tags":[],"class_list":{"0":"post-20082","1":"post","2":"type-post","3":"status-publish","4":"format-standard","5":"has-post-thumbnail","7":"category-cidades"},"jetpack_featured_media_url":"https:\/\/www.paranapraia.com.br\/wp-content\/uploads\/2019\/09\/cart-1.jpg","jetpack_sharing_enabled":true,"_links":{"self":[{"href":"https:\/\/www.paranapraia.com.br\/index.php\/wp-json\/wp\/v2\/posts\/20082"}],"collection":[{"href":"https:\/\/www.paranapraia.com.br\/index.php\/wp-json\/wp\/v2\/posts"}],"about":[{"href":"https:\/\/www.paranapraia.com.br\/index.php\/wp-json\/wp\/v2\/types\/post"}],"author":[{"embeddable":true,"href":"https:\/\/www.paranapraia.com.br\/index.php\/wp-json\/wp\/v2\/users\/2"}],"replies":[{"embeddable":true,"href":"https:\/\/www.paranapraia.com.br\/index.php\/wp-json\/wp\/v2\/comments?post=20082"}],"version-history":[{"count":1,"href":"https:\/\/www.paranapraia.com.br\/index.php\/wp-json\/wp\/v2\/posts\/20082\/revisions"}],"predecessor-version":[{"id":20084,"href":"https:\/\/www.paranapraia.com.br\/index.php\/wp-json\/wp\/v2\/posts\/20082\/revisions\/20084"}],"wp:featuredmedia":[{"embeddable":true,"href":"https:\/\/www.paranapraia.com.br\/index.php\/wp-json\/wp\/v2\/media\/20083"}],"wp:attachment":[{"href":"https:\/\/www.paranapraia.com.br\/index.php\/wp-json\/wp\/v2\/media?parent=20082"}],"wp:term":[{"taxonomy":"category","embeddable":true,"href":"https:\/\/www.paranapraia.com.br\/index.php\/wp-json\/wp\/v2\/categories?post=20082"},{"taxonomy":"post_tag","embeddable":true,"href":"https:\/\/www.paranapraia.com.br\/index.php\/wp-json\/wp\/v2\/tags?post=20082"}],"curies":[{"name":"wp","href":"https:\/\/api.w.org\/{rel}","templated":true}]}}