{"id":20079,"date":"2019-09-25T16:16:22","date_gmt":"2019-09-25T19:16:22","guid":{"rendered":"https:\/\/www.paranapraia.com.br\/?p=20079"},"modified":"2019-09-25T16:16:24","modified_gmt":"2019-09-25T19:16:24","slug":"agencia-do-trabalhador-assume-programa-jovem-aprendiz","status":"publish","type":"post","link":"https:\/\/www.paranapraia.com.br\/index.php\/2019\/09\/25\/agencia-do-trabalhador-assume-programa-jovem-aprendiz\/","title":{"rendered":"Ag\u00eancia do Trabalhador assume Programa Jovem Aprendiz"},"content":{"rendered":"\n<p>\n\nA Ag\u00eancia do Trabalhador de Guaratuba passa a administrar o Programa Jovem Aprendiz com a miss\u00e3o de buscar maior ades\u00e3o das empresas.<\/p>\n\n\n\n<p>O programa estava a cargo do Centro de Refer\u00eancia de Assist\u00eancia Social \u2013 CRAS, da Secretaria Municipal do Bem Estar e Promo\u00e7\u00e3o Social e possibilitou a qualifica\u00e7\u00e3o de dezenas de jovens e da atua\u00e7\u00e3o de uma parcela deles nas empresas. A oficializa\u00e7\u00e3o da transfer\u00eancia ocorreu na \u00faltima quinta-feira (19).<\/p>\n\n\n\n<p>Segundo o gerente da Ag\u00eancia, Adelar Rosa Feij\u00f3, a mudan\u00e7a \u00e9 fruto de uma parceria que j\u00e1 havia em 2018. Ele ponderou que a mudan\u00e7a representa um grande desafio, principalmente, porque o trabalho realizado pela Secretaria do Bem Estar e Promo\u00e7\u00e3o Social foi excelente.<\/p>\n\n\n\n<p>A secret\u00e1ria do Bem Estar e Promo\u00e7\u00e3o Social, Lourdes Monteiro, ressaltou que est\u00e1 confiante que a Ag\u00eancia realizar\u00e1 esta tarefa com muita efici\u00eancia. A diretora da Secretaria do Bem Estar e Promo\u00e7\u00e3o Social, Maricel Auer, destacou que o processo seletivo do CRAS sempre priorizou acolher jovens que eram atendidos pela Secretaria em situa\u00e7\u00e3o de vulnerabilidade social.<br>Segundo Rodrigo Moritz Britez, o novo respons\u00e1vel t\u00e9cnico do programa, o foco ser\u00e1 no empres\u00e1rio, facilitando a escolha dos candidatos o que estimular\u00e1 a abertura de vagas. <\/p>\n\n\n\n<p>Prefeitura<\/p>\n","protected":false},"excerpt":{"rendered":"<p>A Ag\u00eancia do Trabalhador de Guaratuba passa a administrar o Programa Jovem Aprendiz com a miss\u00e3o de buscar maior ades\u00e3o das empresas. O programa estava a cargo do Centro de Refer\u00eancia de Assist\u00eancia Social \u2013 CRAS, da Secretaria Municipal do Bem Estar e Promo\u00e7\u00e3o Social e possibilitou a qualifica\u00e7\u00e3o de dezenas de jovens e da [&hellip;]<\/p>\n","protected":false},"author":2,"featured_media":20080,"comment_status":"open","ping_status":"open","sticky":false,"template":"","format":"standard","meta":{"advanced_seo_description":"","jetpack_seo_html_title":"","jetpack_seo_noindex":false,"_jetpack_memberships_contains_paid_content":false,"footnotes":""},"categories":[42],"tags":[],"class_list":{"0":"post-20079","1":"post","2":"type-post","3":"status-publish","4":"format-standard","5":"has-post-thumbnail","7":"category-cidades"},"jetpack_featured_media_url":"https:\/\/www.paranapraia.com.br\/wp-content\/uploads\/2019\/09\/1634.jpg","jetpack_sharing_enabled":true,"_links":{"self":[{"href":"https:\/\/www.paranapraia.com.br\/index.php\/wp-json\/wp\/v2\/posts\/20079"}],"collection":[{"href":"https:\/\/www.paranapraia.com.br\/index.php\/wp-json\/wp\/v2\/posts"}],"about":[{"href":"https:\/\/www.paranapraia.com.br\/index.php\/wp-json\/wp\/v2\/types\/post"}],"author":[{"embeddable":true,"href":"https:\/\/www.paranapraia.com.br\/index.php\/wp-json\/wp\/v2\/users\/2"}],"replies":[{"embeddable":true,"href":"https:\/\/www.paranapraia.com.br\/index.php\/wp-json\/wp\/v2\/comments?post=20079"}],"version-history":[{"count":1,"href":"https:\/\/www.paranapraia.com.br\/index.php\/wp-json\/wp\/v2\/posts\/20079\/revisions"}],"predecessor-version":[{"id":20081,"href":"https:\/\/www.paranapraia.com.br\/index.php\/wp-json\/wp\/v2\/posts\/20079\/revisions\/20081"}],"wp:featuredmedia":[{"embeddable":true,"href":"https:\/\/www.paranapraia.com.br\/index.php\/wp-json\/wp\/v2\/media\/20080"}],"wp:attachment":[{"href":"https:\/\/www.paranapraia.com.br\/index.php\/wp-json\/wp\/v2\/media?parent=20079"}],"wp:term":[{"taxonomy":"category","embeddable":true,"href":"https:\/\/www.paranapraia.com.br\/index.php\/wp-json\/wp\/v2\/categories?post=20079"},{"taxonomy":"post_tag","embeddable":true,"href":"https:\/\/www.paranapraia.com.br\/index.php\/wp-json\/wp\/v2\/tags?post=20079"}],"curies":[{"name":"wp","href":"https:\/\/api.w.org\/{rel}","templated":true}]}}