{"id":20076,"date":"2019-09-25T16:15:28","date_gmt":"2019-09-25T19:15:28","guid":{"rendered":"https:\/\/www.paranapraia.com.br\/?p=20076"},"modified":"2019-09-25T16:15:30","modified_gmt":"2019-09-25T19:15:30","slug":"preso-confessa-que-matou-rachel-genofre-ele-a-atraiu-prometendo-a-participacao-em-um-programa-de-tv","status":"publish","type":"post","link":"https:\/\/www.paranapraia.com.br\/index.php\/2019\/09\/25\/preso-confessa-que-matou-rachel-genofre-ele-a-atraiu-prometendo-a-participacao-em-um-programa-de-tv\/","title":{"rendered":"Preso confessa que matou Rachel Genofre. Ele a atraiu prometendo a participa\u00e7\u00e3o em um programa de TV"},"content":{"rendered":"\n<p>Carlos Eduardo dos Santos, de 54 anos, apontado pela Pol\u00edcia Civil como autor da morte de\u00a0<strong>Rachel Genofre<\/strong>, em 2008, confessou a autoria do crime. Ele foi interrogado por policiais paranaenses sobre o caso Rachel Genofre em Sorocaba, S\u00e3o Paulo, onde est\u00e1 preso por outros crimes.\u00a0A solu\u00e7\u00e3o do caso Rachel Genofre foi emblem\u00e1tica, j\u00e1 que praticamente 11 anos se passaram at\u00e9 que o assassino fosse descoberto.<\/p>\n\n\n\n<p>Segundo&nbsp;Camila Cecconelo, Delegada da Divis\u00e3o de Homic\u00eddios e Prote\u00e7\u00e3o \u00e0 Pessoa ( DHPP), Carlos atraiu Rachel para sua casa prometendo a participa\u00e7\u00e3o em um programa infantil.&nbsp;\u201cEle confirmou que j\u00e1 tinha observado a Rachel e ap\u00f3s entender a rotina dela, ele a convidou para participar de um programa infantil de TV bem conhecido da \u00e9poca e falou que era para ir no escrit\u00f3rio assinar alguns documentos. A Rachel concordou e foram at\u00e9 o local que ele residia e assim que chegou l\u00e1, a Rachel estranhou e gritou. Na sequ\u00eancia, cometeu o ato sexual e a matou\u201d, disse a delegada.<\/p>\n\n\n\n<p>Camila falou ainda sobre o comportamento de Carlos, que&nbsp;j\u00e1&nbsp;tem uma s\u00e9rie de indiciamentos por estupros. \u201cS\u00e3o seis e ele costumava atacar v\u00edtimas desta faixa et\u00e1ria. Exames ir\u00e3o apontar se ele tem algum problema mental\u201d, explicou. \u201cEle tem perfil de ser uma pessoa acostumada a cometer estupros e estelionatos, ou seja, engana e mente com frequ\u00eancia\u201d, completou. Ainda n\u00e3o h\u00e1 informa\u00e7\u00f5es sobre a participa\u00e7\u00e3o de outras pessoas no crime.<\/p>\n\n\n\n<p>A Pol\u00edcia Civil estuda a possibilidade de pedir \u00e0 Vara de Execu\u00e7\u00f5es Penais de S\u00e3o Paulo que o acusado de matar Rachel venha para Curitiba para reconstituir o crime e um novo interrogat\u00f3rio ocorra na capital paranaense.<\/p>\n\n\n\n<h3 class=\"wp-block-heading\">Confira trechos da entrevista com a Delegada Camila Cecconelo sobre o Caso Rachel Genofre<\/h3>\n\n\n\n<p><strong>Corpo na Rodoferrovi\u00e1ria<\/strong><\/p>\n\n\n\n<p>\u201cEle n\u00e3o falou porque foi at\u00e9 a Rodovi\u00e1ria, mas achou que o local era o ideal para transitar com mala sem ser notado. Conta que deixou ali e ficou um tempo olhando para ver se algu\u00e9m aparecia e depois saiu abandonando a mala com o corpo da Rachel.<\/p>\n\n\n\n<p><strong>De onde veio a mala?<\/strong><\/p>\n\n\n\n<p>\u201cAinda estamos averiguando se ele tinha a mala ou comprou. Ele deu algumas informa\u00e7\u00f5es, mas neste momento vamos investigar para saber se ele falou a verdade\u201d.<\/p>\n\n\n\n<h4 class=\"wp-block-heading\">A identifica\u00e7\u00e3o de Carlos<\/h4>\n\n\n\n<p>Segundo a Secretaria de Estado da Seguran\u00e7a P\u00fablica (SESP), um trabalho de integra\u00e7\u00e3o entre Paran\u00e1, S\u00e3o Paulo e Bras\u00edlia permitiu a identifica\u00e7\u00e3o de Carlos, preso acusado de outros quatro crimes de estupro. A pena que ele cumpre \u00e9 de 22 anos. Ele tamb\u00e9m \u00e9 acusado de roubo, estelionato e falsidade ideol\u00f3gica.<\/p>\n\n\n\n<h5 class=\"wp-block-heading\">A morte de Rachel Genofre<\/h5>\n\n\n\n<p>Com apenas nove anos de idade, Rachel foi morta na madrugada do dia 5 de novembro de 2008. Seu corpo foi encontrado dentro de uma mala, na Rodoferrovi\u00e1ria de Curitiba.<\/p>\n\n\n\n<p>Encontrado seminu e com vest\u00edgios de viol\u00eancia sexual, o cad\u00e1ver foi localizado \u00e0s 2h30, por um ind\u00edgena que circulava pelo local, onde tamb\u00e9m estariam alguns pertences da menina. At\u00e9 hoje n\u00e3o se sabe como a mala foi parar na Rodoferrovi\u00e1ria, j\u00e1 que as c\u00e2meras de seguran\u00e7a instaladas no ponto n\u00e3o estavam funcionando.<\/p>\n\n\n\n<p>TribunaPr<\/p>\n","protected":false},"excerpt":{"rendered":"<p>Carlos Eduardo dos Santos, de 54 anos, apontado pela Pol\u00edcia Civil como autor da morte de\u00a0Rachel Genofre, em 2008, confessou a autoria do crime. Ele foi interrogado por policiais paranaenses sobre o caso Rachel Genofre em Sorocaba, S\u00e3o Paulo, onde est\u00e1 preso por outros crimes.\u00a0A solu\u00e7\u00e3o do caso Rachel Genofre foi emblem\u00e1tica, j\u00e1 que praticamente [&hellip;]<\/p>\n","protected":false},"author":2,"featured_media":20077,"comment_status":"open","ping_status":"open","sticky":false,"template":"","format":"standard","meta":{"advanced_seo_description":"","jetpack_seo_html_title":"","jetpack_seo_noindex":false,"_jetpack_memberships_contains_paid_content":false,"footnotes":""},"categories":[33],"tags":[],"class_list":{"0":"post-20076","1":"post","2":"type-post","3":"status-publish","4":"format-standard","5":"has-post-thumbnail","7":"category-policia"},"jetpack_featured_media_url":"https:\/\/www.paranapraia.com.br\/wp-content\/uploads\/2019\/09\/Raquel-Genofre-540x333.jpg","jetpack_sharing_enabled":true,"_links":{"self":[{"href":"https:\/\/www.paranapraia.com.br\/index.php\/wp-json\/wp\/v2\/posts\/20076"}],"collection":[{"href":"https:\/\/www.paranapraia.com.br\/index.php\/wp-json\/wp\/v2\/posts"}],"about":[{"href":"https:\/\/www.paranapraia.com.br\/index.php\/wp-json\/wp\/v2\/types\/post"}],"author":[{"embeddable":true,"href":"https:\/\/www.paranapraia.com.br\/index.php\/wp-json\/wp\/v2\/users\/2"}],"replies":[{"embeddable":true,"href":"https:\/\/www.paranapraia.com.br\/index.php\/wp-json\/wp\/v2\/comments?post=20076"}],"version-history":[{"count":1,"href":"https:\/\/www.paranapraia.com.br\/index.php\/wp-json\/wp\/v2\/posts\/20076\/revisions"}],"predecessor-version":[{"id":20078,"href":"https:\/\/www.paranapraia.com.br\/index.php\/wp-json\/wp\/v2\/posts\/20076\/revisions\/20078"}],"wp:featuredmedia":[{"embeddable":true,"href":"https:\/\/www.paranapraia.com.br\/index.php\/wp-json\/wp\/v2\/media\/20077"}],"wp:attachment":[{"href":"https:\/\/www.paranapraia.com.br\/index.php\/wp-json\/wp\/v2\/media?parent=20076"}],"wp:term":[{"taxonomy":"category","embeddable":true,"href":"https:\/\/www.paranapraia.com.br\/index.php\/wp-json\/wp\/v2\/categories?post=20076"},{"taxonomy":"post_tag","embeddable":true,"href":"https:\/\/www.paranapraia.com.br\/index.php\/wp-json\/wp\/v2\/tags?post=20076"}],"curies":[{"name":"wp","href":"https:\/\/api.w.org\/{rel}","templated":true}]}}