{"id":20073,"date":"2019-09-25T16:14:02","date_gmt":"2019-09-25T19:14:02","guid":{"rendered":"https:\/\/www.paranapraia.com.br\/?p=20073"},"modified":"2019-09-25T16:14:04","modified_gmt":"2019-09-25T19:14:04","slug":"raquel-genofre-foi-atraida-a-morte-por-falsa-promessa-de-participar-de-programa-infantil-na-televisao","status":"publish","type":"post","link":"https:\/\/www.paranapraia.com.br\/index.php\/2019\/09\/25\/raquel-genofre-foi-atraida-a-morte-por-falsa-promessa-de-participar-de-programa-infantil-na-televisao\/","title":{"rendered":"Raquel Genofre foi atra\u00edda \u00e0 morte por falsa promessa de participar de programa infantil na televis\u00e3o"},"content":{"rendered":"\n<p>Carlos Eduardo dos Santos, suspeito de ser o autor da morte da menina Raquel Genofre, teria usado como isca, para atrair a menina, a falsa a promessa de participa\u00e7\u00e3o em um programa infantil na televis\u00e3o. &#8220;Ele teria levado ela at\u00e9 onde estava morando com a promessa que l\u00e1 ela iria assinar uns pap\u00e9is, que seriam necess\u00e1rios para a participa\u00e7\u00e3o neste programa&#8221;, revelou a&nbsp;delegada Camila Cecconello, respons\u00e1vel pelo interrogat\u00f3rio de Carlos Eduardo dos Santos, 54 anos, suspeito de ser o autor do estupro seguido de morte da menina Raquel Genofre, em novembro de 2008.<\/p>\n\n\n\n<p>Santos, que est\u00e1 preso em Sorocaba (SP), foi interrogado por Cecconelo na \u00faltima ter\u00e7a-feira, 24. Na semana passada a Pol\u00edcia Civil do Paran\u00e1 anunciou que, por meio do banco nacional de DNA, conseguiu identificar o autor do assassinato, ocorrido em 2008. Rachel foi encontrada dentro de uma mala na Rodovi\u00e1ria de Curitiba e, na \u00e9poca amostras de DNA encontrados no corpo da menina foram preservados.<\/p>\n\n\n\n<p>O suspeito&nbsp;est\u00e1 preso na Penitenci\u00e1ria II de Sorocaba e tem extensa ficha criminal. Detido desde 2016, j\u00e1 foi condenado a 22 anos de pris\u00e3o por estelionato, estupro, roubo e falsifica\u00e7\u00e3o de documento. Os crimes ocorreram em S\u00e3o Paulo, Paran\u00e1, Santa Catarina e Rio Grande do Sul. Ele j\u00e1 foi indiciado pelo estupro de seis menores.&nbsp;<\/p>\n\n\n\n<p>Cecconello relatou que Santos concordou em dar o depoimento ap\u00f3s&nbsp;ser informado de que um teste de DNA j\u00e1 havia sido feito e indicado ele como o poss\u00edvel autor da morte da menina, que na \u00e9poca tinha 9 anos. O suspeito contou que estava hospedado em um pensionato no Centro de Curitiba na \u00e9poca em que matou Raquel. \u00c0 delegada, Santos teria relatado que estuprou e matou Raquel porque a menina, ao se aproximar do local indicado por ele como o escrit\u00f3rio, teria come\u00e7ado a gritar.&nbsp;<\/p>\n\n\n\n<p>&#8220;Ele reconheceu a Raquel quando foi mostrado a ele uma foto dela&#8221;, disse a delegada. De acordo com o depoimento prestado, ele alega que no mesmo dia que estuprou a Raquel, ele a teria matado. &#8220;Algumas alega\u00e7\u00f5es n\u00f3s precisamos confirmar atrav\u00e9s de dilig\u00eancias que estaremos fazendo entre hoje e no decorrer dessa semana para confirmar exatamente como foi todo o andamento deste crime&#8221;, afirmou Cecconello.<\/p>\n\n\n\n<p>Segundo relato de Santos \u00e0 delegada, ele escolheu deixar o corpo de Raquel na Rodovi\u00e1ria de Curitiba por acreditar que l\u00e1 poderia transitar sem levatar suspeitas. Disse que depois de obsevar se algu\u00e9m o havia visto deixando a mala, se afastou e abandonou a mala com o corpo da Raquel. Cecconelo afirma que os dados do que ele fez depois e antes do crime, bem como ele conseguiu a mala e poss\u00edveis testemunhas citadas por ele ser\u00e3o averiguadas ainda no decorrer desta semana.<\/p>\n\n\n\n<p>Santos \u00e9 natural de S\u00e3o Vicente, o interior de S\u00e3o Paulo, e quando cometeu o crime estaria no Paran\u00e1 na condi\u00e7\u00e3o de fugitivo, uma vez que estava cumprindo o regime semiaberto por roubo e estelionato, mas saiu do pres\u00eddio e n\u00e3o voltou. Na \u00e9poca ele estaria divorciado. Santos \u00e9 pai, mas n\u00e3o tem mais contato com a fam\u00edlia. Sobre a identidade dele, que na \u00e9poca estaria trabalhando como porteiro em S\u00e3o Jos\u00e9 dos Pinhais, na Regi\u00e3o Metropolitana de Curitiba, Cecconelo disse que ele relatou ter duas identidades. A transfer\u00eancia para Curitiba, segundo Cecconello, deve ocorrer em breve. &#8220;Dependemos apenas de alguns tramites burocr\u00e1ticos&#8221;, afirmou.<\/p>\n\n\n\n<p>Bemparana<\/p>\n","protected":false},"excerpt":{"rendered":"<p>Carlos Eduardo dos Santos, suspeito de ser o autor da morte da menina Raquel Genofre, teria usado como isca, para atrair a menina, a falsa a promessa de participa\u00e7\u00e3o em um programa infantil na televis\u00e3o. &#8220;Ele teria levado ela at\u00e9 onde estava morando com a promessa que l\u00e1 ela iria assinar uns pap\u00e9is, que seriam [&hellip;]<\/p>\n","protected":false},"author":2,"featured_media":20074,"comment_status":"open","ping_status":"open","sticky":false,"template":"","format":"standard","meta":{"advanced_seo_description":"","jetpack_seo_html_title":"","jetpack_seo_noindex":false,"_jetpack_memberships_contains_paid_content":false,"footnotes":""},"categories":[1],"tags":[],"class_list":{"0":"post-20073","1":"post","2":"type-post","3":"status-publish","4":"format-standard","5":"has-post-thumbnail","7":"category-sem-categoria"},"jetpack_featured_media_url":"https:\/\/www.paranapraia.com.br\/wp-content\/uploads\/2019\/09\/noticia_875634_img1_camila-cecconelo.jpg","jetpack_sharing_enabled":true,"_links":{"self":[{"href":"https:\/\/www.paranapraia.com.br\/index.php\/wp-json\/wp\/v2\/posts\/20073"}],"collection":[{"href":"https:\/\/www.paranapraia.com.br\/index.php\/wp-json\/wp\/v2\/posts"}],"about":[{"href":"https:\/\/www.paranapraia.com.br\/index.php\/wp-json\/wp\/v2\/types\/post"}],"author":[{"embeddable":true,"href":"https:\/\/www.paranapraia.com.br\/index.php\/wp-json\/wp\/v2\/users\/2"}],"replies":[{"embeddable":true,"href":"https:\/\/www.paranapraia.com.br\/index.php\/wp-json\/wp\/v2\/comments?post=20073"}],"version-history":[{"count":1,"href":"https:\/\/www.paranapraia.com.br\/index.php\/wp-json\/wp\/v2\/posts\/20073\/revisions"}],"predecessor-version":[{"id":20075,"href":"https:\/\/www.paranapraia.com.br\/index.php\/wp-json\/wp\/v2\/posts\/20073\/revisions\/20075"}],"wp:featuredmedia":[{"embeddable":true,"href":"https:\/\/www.paranapraia.com.br\/index.php\/wp-json\/wp\/v2\/media\/20074"}],"wp:attachment":[{"href":"https:\/\/www.paranapraia.com.br\/index.php\/wp-json\/wp\/v2\/media?parent=20073"}],"wp:term":[{"taxonomy":"category","embeddable":true,"href":"https:\/\/www.paranapraia.com.br\/index.php\/wp-json\/wp\/v2\/categories?post=20073"},{"taxonomy":"post_tag","embeddable":true,"href":"https:\/\/www.paranapraia.com.br\/index.php\/wp-json\/wp\/v2\/tags?post=20073"}],"curies":[{"name":"wp","href":"https:\/\/api.w.org\/{rel}","templated":true}]}}