{"id":20062,"date":"2019-09-25T12:30:50","date_gmt":"2019-09-25T15:30:50","guid":{"rendered":"https:\/\/www.paranapraia.com.br\/?p=20062"},"modified":"2019-09-25T12:30:55","modified_gmt":"2019-09-25T15:30:55","slug":"viagens-aereas-de-vereadores-da-camara-de-curitiba-serao-agora-so-na-classe-economica","status":"publish","type":"post","link":"https:\/\/www.paranapraia.com.br\/index.php\/2019\/09\/25\/viagens-aereas-de-vereadores-da-camara-de-curitiba-serao-agora-so-na-classe-economica\/","title":{"rendered":"Viagens a\u00e9reas de vereadores da C\u00e2mara de Curitiba ser\u00e3o agora s\u00f3 na classe econ\u00f4mica"},"content":{"rendered":"\n<p>A C\u00e2mara Municipal de Curitiba (CMC) decidiu restringir a compra de passagens a\u00e9reas para vereadores e servidores somente \u00e0 classe econ\u00f4mica. A portaria \u00e9 assinada pela Comiss\u00e3o Executiva \u2013 presidente Sabino Picolo (DEM) e pelos primeiro e segundo secret\u00e1rios, Colpani (PSB) e Professor Euler (PSD), respectivamente.<br><br>O documento foi publicado no Di\u00e1rio Oficial do Munic\u00edpio,\u00a0no dia 16 de setembro, e estabelece ainda que: \u201cna hip\u00f3tese de o servidor ou vereador optar por outra classe tarif\u00e1ria no transporte a\u00e9reo, as passagens ser\u00e3o adquiridas somente ap\u00f3s a cobertura de eventual diferen\u00e7a a maior\u201d.<br><br>A decis\u00e3o foi tomada ap\u00f3s um debate em plen\u00e1rio entre Euler e Tico Kuzma (Pros) durante a aprecia\u00e7\u00e3o de requerimento de sugest\u00e3o para que a Prefeitura restrinja a compra de passagens a\u00e9reas, nacionais ou internacionais, \u00e0 classe econ\u00f4mica (leia mais). De iniciativa de Euler, a proposta \u00e9 resultado de pedido de informa\u00e7\u00f5es sobre viagens oficiais do prefeito e de assessores ao exterior, referente a despesas com passagens a\u00e9reas e hospedagem, protocolado em junho passado.<\/p>\n\n\n\n<p>Bem Paran\u00e1<br><\/p>\n","protected":false},"excerpt":{"rendered":"<p>A C\u00e2mara Municipal de Curitiba (CMC) decidiu restringir a compra de passagens a\u00e9reas para vereadores e servidores somente \u00e0 classe econ\u00f4mica. A portaria \u00e9 assinada pela Comiss\u00e3o Executiva \u2013 presidente Sabino Picolo (DEM) e pelos primeiro e segundo secret\u00e1rios, Colpani (PSB) e Professor Euler (PSD), respectivamente. O documento foi publicado no Di\u00e1rio Oficial do Munic\u00edpio,\u00a0no [&hellip;]<\/p>\n","protected":false},"author":2,"featured_media":20063,"comment_status":"open","ping_status":"open","sticky":false,"template":"","format":"standard","meta":{"advanced_seo_description":"","jetpack_seo_html_title":"","jetpack_seo_noindex":false,"_jetpack_memberships_contains_paid_content":false,"footnotes":""},"categories":[32],"tags":[],"class_list":{"0":"post-20062","1":"post","2":"type-post","3":"status-publish","4":"format-standard","5":"has-post-thumbnail","7":"category-politica"},"jetpack_featured_media_url":"https:\/\/www.paranapraia.com.br\/wp-content\/uploads\/2019\/09\/camara.jpg","jetpack_sharing_enabled":true,"_links":{"self":[{"href":"https:\/\/www.paranapraia.com.br\/index.php\/wp-json\/wp\/v2\/posts\/20062"}],"collection":[{"href":"https:\/\/www.paranapraia.com.br\/index.php\/wp-json\/wp\/v2\/posts"}],"about":[{"href":"https:\/\/www.paranapraia.com.br\/index.php\/wp-json\/wp\/v2\/types\/post"}],"author":[{"embeddable":true,"href":"https:\/\/www.paranapraia.com.br\/index.php\/wp-json\/wp\/v2\/users\/2"}],"replies":[{"embeddable":true,"href":"https:\/\/www.paranapraia.com.br\/index.php\/wp-json\/wp\/v2\/comments?post=20062"}],"version-history":[{"count":1,"href":"https:\/\/www.paranapraia.com.br\/index.php\/wp-json\/wp\/v2\/posts\/20062\/revisions"}],"predecessor-version":[{"id":20064,"href":"https:\/\/www.paranapraia.com.br\/index.php\/wp-json\/wp\/v2\/posts\/20062\/revisions\/20064"}],"wp:featuredmedia":[{"embeddable":true,"href":"https:\/\/www.paranapraia.com.br\/index.php\/wp-json\/wp\/v2\/media\/20063"}],"wp:attachment":[{"href":"https:\/\/www.paranapraia.com.br\/index.php\/wp-json\/wp\/v2\/media?parent=20062"}],"wp:term":[{"taxonomy":"category","embeddable":true,"href":"https:\/\/www.paranapraia.com.br\/index.php\/wp-json\/wp\/v2\/categories?post=20062"},{"taxonomy":"post_tag","embeddable":true,"href":"https:\/\/www.paranapraia.com.br\/index.php\/wp-json\/wp\/v2\/tags?post=20062"}],"curies":[{"name":"wp","href":"https:\/\/api.w.org\/{rel}","templated":true}]}}