{"id":20059,"date":"2019-09-25T12:12:01","date_gmt":"2019-09-25T15:12:01","guid":{"rendered":"https:\/\/www.paranapraia.com.br\/?p=20059"},"modified":"2019-09-25T12:12:03","modified_gmt":"2019-09-25T15:12:03","slug":"prf-apreende-mais-de-meia-tonelada-de-maconha-em-teto-de-caminhao","status":"publish","type":"post","link":"https:\/\/www.paranapraia.com.br\/index.php\/2019\/09\/25\/prf-apreende-mais-de-meia-tonelada-de-maconha-em-teto-de-caminhao\/","title":{"rendered":"PRF apreende mais de meia tonelada de maconha em teto de caminh\u00e3o"},"content":{"rendered":"\n<p>Mais de meia tonelada de maconha foi apreendida na ter\u00e7a-feira (24), na BR-369, em Camb\u00e9. A droga estava sendo transportada em um compartimento no teto de um caminh\u00e3o ba\u00fa.<\/p>\n\n\n\n<p>De acordo com a Pol\u00edcia Rodovi\u00e1ria Federal (PRF), o motorista do ve\u00edculo, um homem de 37 anos, relatou que saiu de Navira\u00ed, no Mato Grosso do Sul, e levaria a carga at\u00e9 Ribeir\u00e3o Preto, em S\u00e3o Paulo.<\/p>\n\n\n\n<p>A droga foi apreendida e totalizou 535,9 quilos de maconha. O motorista foi preso e encaminhado para a Pol\u00edcia Civil de Camb\u00e9.<\/p>\n\n\n\n<p><em>Colabora\u00e7\u00e3o e foto: PRF<\/em><a href=\"https:\/\/api.whatsapp.com\/send?text=PRF%20apreende%20mais%20de%20meia%20tonelada%20de%20maconha%20em%20teto%20de%20caminh%C3%A3o%20http:\/\/redemassa.com.br\/\/noticias\/plantao\/prf-apreende-mais-de-meia-tonelada-de-maconha-em-teto-de-caminhao\" target=\"_blank\" rel=\"noreferrer noopener\"><br>\n\n<\/a><\/p>\n","protected":false},"excerpt":{"rendered":"<p>Mais de meia tonelada de maconha foi apreendida na ter\u00e7a-feira (24), na BR-369, em Camb\u00e9. A droga estava sendo transportada em um compartimento no teto de um caminh\u00e3o ba\u00fa. De acordo com a Pol\u00edcia Rodovi\u00e1ria Federal (PRF), o motorista do ve\u00edculo, um homem de 37 anos, relatou que saiu de Navira\u00ed, no Mato Grosso do [&hellip;]<\/p>\n","protected":false},"author":2,"featured_media":20060,"comment_status":"open","ping_status":"open","sticky":false,"template":"","format":"standard","meta":{"advanced_seo_description":"","jetpack_seo_html_title":"","jetpack_seo_noindex":false,"_jetpack_memberships_contains_paid_content":false,"footnotes":""},"categories":[33],"tags":[],"class_list":{"0":"post-20059","1":"post","2":"type-post","3":"status-publish","4":"format-standard","5":"has-post-thumbnail","7":"category-policia"},"jetpack_featured_media_url":"https:\/\/www.paranapraia.com.br\/wp-content\/uploads\/2019\/09\/cambe.jpg","jetpack_sharing_enabled":true,"_links":{"self":[{"href":"https:\/\/www.paranapraia.com.br\/index.php\/wp-json\/wp\/v2\/posts\/20059"}],"collection":[{"href":"https:\/\/www.paranapraia.com.br\/index.php\/wp-json\/wp\/v2\/posts"}],"about":[{"href":"https:\/\/www.paranapraia.com.br\/index.php\/wp-json\/wp\/v2\/types\/post"}],"author":[{"embeddable":true,"href":"https:\/\/www.paranapraia.com.br\/index.php\/wp-json\/wp\/v2\/users\/2"}],"replies":[{"embeddable":true,"href":"https:\/\/www.paranapraia.com.br\/index.php\/wp-json\/wp\/v2\/comments?post=20059"}],"version-history":[{"count":1,"href":"https:\/\/www.paranapraia.com.br\/index.php\/wp-json\/wp\/v2\/posts\/20059\/revisions"}],"predecessor-version":[{"id":20061,"href":"https:\/\/www.paranapraia.com.br\/index.php\/wp-json\/wp\/v2\/posts\/20059\/revisions\/20061"}],"wp:featuredmedia":[{"embeddable":true,"href":"https:\/\/www.paranapraia.com.br\/index.php\/wp-json\/wp\/v2\/media\/20060"}],"wp:attachment":[{"href":"https:\/\/www.paranapraia.com.br\/index.php\/wp-json\/wp\/v2\/media?parent=20059"}],"wp:term":[{"taxonomy":"category","embeddable":true,"href":"https:\/\/www.paranapraia.com.br\/index.php\/wp-json\/wp\/v2\/categories?post=20059"},{"taxonomy":"post_tag","embeddable":true,"href":"https:\/\/www.paranapraia.com.br\/index.php\/wp-json\/wp\/v2\/tags?post=20059"}],"curies":[{"name":"wp","href":"https:\/\/api.w.org\/{rel}","templated":true}]}}