{"id":20056,"date":"2019-09-25T12:10:56","date_gmt":"2019-09-25T15:10:56","guid":{"rendered":"https:\/\/www.paranapraia.com.br\/?p=20056"},"modified":"2019-09-25T12:10:57","modified_gmt":"2019-09-25T15:10:57","slug":"jovem-e-crianca-mantidas-em-carcere-privado-sao-resgatadas","status":"publish","type":"post","link":"https:\/\/www.paranapraia.com.br\/index.php\/2019\/09\/25\/jovem-e-crianca-mantidas-em-carcere-privado-sao-resgatadas\/","title":{"rendered":"Jovem e crian\u00e7a mantidas em c\u00e1rcere privado s\u00e3o resgatadas"},"content":{"rendered":"\n<p>Uma jovem e uma crian\u00e7a foram resgatadas pela Pol\u00edcia Militar na ter\u00e7a-feira (24) depois de ficarem presas em c\u00e1rcere privado por quatro dias em uma resid\u00eancia localizada no bairro Cidade Industrial de Curitiba, na capital paranaense. Um homem, de 33 anos, foi detido. Ele j\u00e1 tinha passagem por tr\u00e1fico de drogas e estava com um mandado de pris\u00e3o em aberto por romper a tornozeleira eletr\u00f4nica.<\/p>\n\n\n\n<p>De acordo com o relato do companheiro da jovem, de 19 anos, a mulher ficou trancada na casa depois que ele ficou devendo R$ 50 para o suspeito. Uma den\u00fancia levou a PM at\u00e9 o local, que estava sujo, fechado com uma porta de a\u00e7o e era monitorado por c\u00e2meras. A pol\u00edcia acredita que a casa funcionava como ponto de tr\u00e1fico de drogas.<\/p>\n\n\n\n<p>Na resid\u00eancia, a equipe policial encontrou maconha, coca\u00edna e crack. O homem foi preso e as v\u00edtimas foram resgatadas. Todos foram levados para Central de Flagrantes para esclarecer a situa\u00e7\u00e3o.<\/p>\n\n\n\n<p><em>Colabora\u00e7\u00e3o Bruna Froehner\/ Rede Massa<\/em><\/p>\n\n\n\n<p><em>(Foto: Pol\u00edcia Militar)&nbsp;<\/em><a href=\"https:\/\/api.whatsapp.com\/send?text=Jovem%20e%20crian%C3%A7a%20mantidas%20em%20c%C3%A1rcere%20privado%20s%C3%A3o%20resgatadas%20http:\/\/redemassa.com.br\/\/noticias\/plantao\/jovem-e-crianca-mantidas-em-carcere-privado-sao-resgatadas\" target=\"_blank\" rel=\"noreferrer noopener\"><br>\n\n<\/a><\/p>\n","protected":false},"excerpt":{"rendered":"<p>Uma jovem e uma crian\u00e7a foram resgatadas pela Pol\u00edcia Militar na ter\u00e7a-feira (24) depois de ficarem presas em c\u00e1rcere privado por quatro dias em uma resid\u00eancia localizada no bairro Cidade Industrial de Curitiba, na capital paranaense. Um homem, de 33 anos, foi detido. Ele j\u00e1 tinha passagem por tr\u00e1fico de drogas e estava com um [&hellip;]<\/p>\n","protected":false},"author":2,"featured_media":20057,"comment_status":"open","ping_status":"open","sticky":false,"template":"","format":"standard","meta":{"advanced_seo_description":"","jetpack_seo_html_title":"","jetpack_seo_noindex":false,"_jetpack_memberships_contains_paid_content":false,"footnotes":""},"categories":[33],"tags":[],"class_list":{"0":"post-20056","1":"post","2":"type-post","3":"status-publish","4":"format-standard","5":"has-post-thumbnail","7":"category-policia"},"jetpack_featured_media_url":"https:\/\/www.paranapraia.com.br\/wp-content\/uploads\/2019\/09\/carce.jpg","jetpack_sharing_enabled":true,"_links":{"self":[{"href":"https:\/\/www.paranapraia.com.br\/index.php\/wp-json\/wp\/v2\/posts\/20056"}],"collection":[{"href":"https:\/\/www.paranapraia.com.br\/index.php\/wp-json\/wp\/v2\/posts"}],"about":[{"href":"https:\/\/www.paranapraia.com.br\/index.php\/wp-json\/wp\/v2\/types\/post"}],"author":[{"embeddable":true,"href":"https:\/\/www.paranapraia.com.br\/index.php\/wp-json\/wp\/v2\/users\/2"}],"replies":[{"embeddable":true,"href":"https:\/\/www.paranapraia.com.br\/index.php\/wp-json\/wp\/v2\/comments?post=20056"}],"version-history":[{"count":1,"href":"https:\/\/www.paranapraia.com.br\/index.php\/wp-json\/wp\/v2\/posts\/20056\/revisions"}],"predecessor-version":[{"id":20058,"href":"https:\/\/www.paranapraia.com.br\/index.php\/wp-json\/wp\/v2\/posts\/20056\/revisions\/20058"}],"wp:featuredmedia":[{"embeddable":true,"href":"https:\/\/www.paranapraia.com.br\/index.php\/wp-json\/wp\/v2\/media\/20057"}],"wp:attachment":[{"href":"https:\/\/www.paranapraia.com.br\/index.php\/wp-json\/wp\/v2\/media?parent=20056"}],"wp:term":[{"taxonomy":"category","embeddable":true,"href":"https:\/\/www.paranapraia.com.br\/index.php\/wp-json\/wp\/v2\/categories?post=20056"},{"taxonomy":"post_tag","embeddable":true,"href":"https:\/\/www.paranapraia.com.br\/index.php\/wp-json\/wp\/v2\/tags?post=20056"}],"curies":[{"name":"wp","href":"https:\/\/api.w.org\/{rel}","templated":true}]}}