{"id":20052,"date":"2019-09-25T12:08:47","date_gmt":"2019-09-25T15:08:47","guid":{"rendered":"https:\/\/www.paranapraia.com.br\/?p=20052"},"modified":"2019-09-25T12:08:49","modified_gmt":"2019-09-25T15:08:49","slug":"argentino-suspeito-de-latrocinio-e-preso-em-operacao-conjunta-na-fronteira","status":"publish","type":"post","link":"https:\/\/www.paranapraia.com.br\/index.php\/2019\/09\/25\/argentino-suspeito-de-latrocinio-e-preso-em-operacao-conjunta-na-fronteira\/","title":{"rendered":"Argentino suspeito de latroc\u00ednio \u00e9 preso em opera\u00e7\u00e3o conjunta na fronteira"},"content":{"rendered":"\n<p>Um suspeito de latroc\u00ednio foi preso durante uma opera\u00e7\u00e3o conjunta entre a Pol\u00edcia Militar (PM) e a Pol\u00edcia Federal (PF), na tarde de ter\u00e7a-feira (24), na fronteira entre Santo Ant\u00f4nio do Sudoeste com a Argentina. O homem, que tem nacionalidade Argentina, foi preso com uma identidade falsa e tinha 3 mandados de pris\u00e3o em seu nome verdadeiro.<\/p>\n\n\n\n<p>O suspeito estava foragido e j\u00e1 tinha sa\u00eddo da Penitenci\u00e1ria Estadual em Piraquara e em Francisco Beltr\u00e3o. Al\u00e9m de latroc\u00ednio, o homem tamb\u00e9m responde por homic\u00eddio.<\/p>\n\n\n\n<p><em>Colabora\u00e7\u00e3o Ygor Kramer\/Rede Massa<\/em><a href=\"https:\/\/api.whatsapp.com\/send?text=Argentino%20suspeito%20de%20latroc%C3%ADnio%20%C3%A9%20preso%20em%20opera%C3%A7%C3%A3o%20conjunta%20na%20fronteira%20http:\/\/redemassa.com.br\/\/noticias\/plantao\/argentino-suspeito-de-latrocinio-e-preso-em-operacao-conjunta-na-fronteira\" target=\"_blank\" rel=\"noreferrer noopener\"><br>\n\n<\/a><\/p>\n","protected":false},"excerpt":{"rendered":"<p>Um suspeito de latroc\u00ednio foi preso durante uma opera\u00e7\u00e3o conjunta entre a Pol\u00edcia Militar (PM) e a Pol\u00edcia Federal (PF), na tarde de ter\u00e7a-feira (24), na fronteira entre Santo Ant\u00f4nio do Sudoeste com a Argentina. O homem, que tem nacionalidade Argentina, foi preso com uma identidade falsa e tinha 3 mandados de pris\u00e3o em seu [&hellip;]<\/p>\n","protected":false},"author":2,"featured_media":20053,"comment_status":"open","ping_status":"open","sticky":false,"template":"","format":"standard","meta":{"advanced_seo_description":"","jetpack_seo_html_title":"","jetpack_seo_noindex":false,"_jetpack_memberships_contains_paid_content":false,"footnotes":""},"categories":[33],"tags":[],"class_list":{"0":"post-20052","1":"post","2":"type-post","3":"status-publish","4":"format-standard","5":"has-post-thumbnail","7":"category-policia"},"jetpack_featured_media_url":"https:\/\/www.paranapraia.com.br\/wp-content\/uploads\/2019\/09\/argen.jpg","jetpack_sharing_enabled":true,"_links":{"self":[{"href":"https:\/\/www.paranapraia.com.br\/index.php\/wp-json\/wp\/v2\/posts\/20052"}],"collection":[{"href":"https:\/\/www.paranapraia.com.br\/index.php\/wp-json\/wp\/v2\/posts"}],"about":[{"href":"https:\/\/www.paranapraia.com.br\/index.php\/wp-json\/wp\/v2\/types\/post"}],"author":[{"embeddable":true,"href":"https:\/\/www.paranapraia.com.br\/index.php\/wp-json\/wp\/v2\/users\/2"}],"replies":[{"embeddable":true,"href":"https:\/\/www.paranapraia.com.br\/index.php\/wp-json\/wp\/v2\/comments?post=20052"}],"version-history":[{"count":1,"href":"https:\/\/www.paranapraia.com.br\/index.php\/wp-json\/wp\/v2\/posts\/20052\/revisions"}],"predecessor-version":[{"id":20054,"href":"https:\/\/www.paranapraia.com.br\/index.php\/wp-json\/wp\/v2\/posts\/20052\/revisions\/20054"}],"wp:featuredmedia":[{"embeddable":true,"href":"https:\/\/www.paranapraia.com.br\/index.php\/wp-json\/wp\/v2\/media\/20053"}],"wp:attachment":[{"href":"https:\/\/www.paranapraia.com.br\/index.php\/wp-json\/wp\/v2\/media?parent=20052"}],"wp:term":[{"taxonomy":"category","embeddable":true,"href":"https:\/\/www.paranapraia.com.br\/index.php\/wp-json\/wp\/v2\/categories?post=20052"},{"taxonomy":"post_tag","embeddable":true,"href":"https:\/\/www.paranapraia.com.br\/index.php\/wp-json\/wp\/v2\/tags?post=20052"}],"curies":[{"name":"wp","href":"https:\/\/api.w.org\/{rel}","templated":true}]}}