{"id":20040,"date":"2019-09-25T11:41:23","date_gmt":"2019-09-25T14:41:23","guid":{"rendered":"https:\/\/www.paranapraia.com.br\/?p=20040"},"modified":"2019-09-25T11:41:25","modified_gmt":"2019-09-25T14:41:25","slug":"suspeito-confessa-que-matou-rachel-genofre-e-conta-como-atraiu-menina","status":"publish","type":"post","link":"https:\/\/www.paranapraia.com.br\/index.php\/2019\/09\/25\/suspeito-confessa-que-matou-rachel-genofre-e-conta-como-atraiu-menina\/","title":{"rendered":"Suspeito confessa que matou Rachel Genofre e conta como atraiu menina"},"content":{"rendered":"\n<h4 class=\"wp-block-heading\">Ele afirmou que atraiu a garota fingindo ser um ca\u00e7ador de talentos de um programa infantil<\/h4>\n\n\n\n<p>O homem de 54 anos, Carlos Eduardo dos Santos, confessou que matou a menina Rachel Genofre em novembro de 2008, quando tinha nove anos. Seu corpo\u00a0foi encontrado\u00a0em uma mala na rodovi\u00e1ria de Curitiba com sinais de abuso sexual. Em depoimento na ter\u00e7a-feira (24), Santos afirmou que atraiu a garota fingindo ser um\u00a0ca\u00e7ador de talentos de um programa infantil.<\/p>\n\n\n\n<p>\u201cEle fez observa\u00e7\u00f5es da rotina dela e disse para a Rachel que fazia parte de um programa infantil. Ela foi at\u00e9 o escrit\u00f3rio dele, para assinar pap\u00e9is. Ali, cometeu o ato sexual e, como ela come\u00e7ou a gritar e reagir, a matou. Afirmou ainda que o crime aconteceu no mesmo dia do ato sexual\u201d, descreveu a delegada Camila Cecconelo, da Divis\u00e3o de Homic\u00eddios e Prote\u00e7\u00e3o \u00e0 Pessoa (DHPP).<\/p>\n\n\n\n<p>Segundo Cecconelo, a escolha por deixar o corpo na Rodovi\u00e1ria de Curitiba foi para n\u00e3o levantar suspeita. \u201c\u00c9 uma pessoa que tem v\u00e1rias passagens por estupro e atacava crian\u00e7as com esta faixa et\u00e1ria\u201d, apontou.<br><\/p>\n\n\n\n<p>Banda B<br><br><\/p>\n","protected":false},"excerpt":{"rendered":"<p>Ele afirmou que atraiu a garota fingindo ser um ca\u00e7ador de talentos de um programa infantil O homem de 54 anos, Carlos Eduardo dos Santos, confessou que matou a menina Rachel Genofre em novembro de 2008, quando tinha nove anos. Seu corpo\u00a0foi encontrado\u00a0em uma mala na rodovi\u00e1ria de Curitiba com sinais de abuso sexual. Em [&hellip;]<\/p>\n","protected":false},"author":2,"featured_media":20041,"comment_status":"open","ping_status":"open","sticky":false,"template":"","format":"standard","meta":{"advanced_seo_description":"","jetpack_seo_html_title":"","jetpack_seo_noindex":false,"_jetpack_memberships_contains_paid_content":false,"footnotes":""},"categories":[33],"tags":[],"class_list":{"0":"post-20040","1":"post","2":"type-post","3":"status-publish","4":"format-standard","5":"has-post-thumbnail","7":"category-policia"},"jetpack_featured_media_url":"https:\/\/www.paranapraia.com.br\/wp-content\/uploads\/2019\/09\/riso.jpg","jetpack_sharing_enabled":true,"_links":{"self":[{"href":"https:\/\/www.paranapraia.com.br\/index.php\/wp-json\/wp\/v2\/posts\/20040"}],"collection":[{"href":"https:\/\/www.paranapraia.com.br\/index.php\/wp-json\/wp\/v2\/posts"}],"about":[{"href":"https:\/\/www.paranapraia.com.br\/index.php\/wp-json\/wp\/v2\/types\/post"}],"author":[{"embeddable":true,"href":"https:\/\/www.paranapraia.com.br\/index.php\/wp-json\/wp\/v2\/users\/2"}],"replies":[{"embeddable":true,"href":"https:\/\/www.paranapraia.com.br\/index.php\/wp-json\/wp\/v2\/comments?post=20040"}],"version-history":[{"count":1,"href":"https:\/\/www.paranapraia.com.br\/index.php\/wp-json\/wp\/v2\/posts\/20040\/revisions"}],"predecessor-version":[{"id":20042,"href":"https:\/\/www.paranapraia.com.br\/index.php\/wp-json\/wp\/v2\/posts\/20040\/revisions\/20042"}],"wp:featuredmedia":[{"embeddable":true,"href":"https:\/\/www.paranapraia.com.br\/index.php\/wp-json\/wp\/v2\/media\/20041"}],"wp:attachment":[{"href":"https:\/\/www.paranapraia.com.br\/index.php\/wp-json\/wp\/v2\/media?parent=20040"}],"wp:term":[{"taxonomy":"category","embeddable":true,"href":"https:\/\/www.paranapraia.com.br\/index.php\/wp-json\/wp\/v2\/categories?post=20040"},{"taxonomy":"post_tag","embeddable":true,"href":"https:\/\/www.paranapraia.com.br\/index.php\/wp-json\/wp\/v2\/tags?post=20040"}],"curies":[{"name":"wp","href":"https:\/\/api.w.org\/{rel}","templated":true}]}}