{"id":20036,"date":"2019-09-25T11:38:53","date_gmt":"2019-09-25T14:38:53","guid":{"rendered":"https:\/\/www.paranapraia.com.br\/?p=20036"},"modified":"2019-09-25T11:38:56","modified_gmt":"2019-09-25T14:38:56","slug":"agente-de-saude-assassinada-escrevia-em-diario-sobre-as-agressoes-do-ex-marido","status":"publish","type":"post","link":"https:\/\/www.paranapraia.com.br\/index.php\/2019\/09\/25\/agente-de-saude-assassinada-escrevia-em-diario-sobre-as-agressoes-do-ex-marido\/","title":{"rendered":"Agente de sa\u00fade assassinada escrevia em di\u00e1rio sobre as agress\u00f5es do ex-marido"},"content":{"rendered":"\n<h4 class=\"wp-block-heading\">Mulher de 58 anos foi morta dentro de casa, no bairro Umbar\u00e1, em Curitiba<\/h4>\n\n\n\n<p>Familiares da agente de sa\u00fade de 58 anos,\u00a0Elisete Menin Arnold, morta na \u00faltima sexta-feira (20) com tr\u00eas tiros dentro de casa, buscam justi\u00e7a. Escondida dos filhos, ela anotava toda a sua rotina em um di\u00e1rio. Nele, a moradora do bairro Umbar\u00e1, em Curitiba, expressava com a palavra escrita todas as agress\u00f5es sofridas pelo ex-marido, agora descobertas pela fam\u00edlia.<\/p>\n\n\n\n<p>O filho de Elisete, Rafael Menin, afirma que o homem \u00e9 o principal suspeito do crime. \u201cSen\u00e3o ele n\u00e3o teria fugido. Inclusive, a vizinha que morava em frente \u00e0 minha m\u00e3e nos contou que viu ele dar o segundo tiro, ent\u00e3o \u00e9 ele sim\u201d, contou. Ap\u00f3s a separa\u00e7\u00e3o, Elisete\u00a0 tamb\u00e9m conseguiu uma medida protetiva contra o suspeito.<\/p>\n\n\n\n<p>Elisete foi casada durante quatro anos com o ex-companheiro. H\u00e1 dois, resolveu colocar um ponto final na rela\u00e7\u00e3o. Ela n\u00e3o comentava com os filhos, mas era constantemente agredida pelo ex-marido. \u201cEla escrevia nesse di\u00e1rio tudo o que estava sentindo, para aliviar seus sentimentos de alguma forma\u201d, explica o filho. \u201cEla s\u00f3 contava [das agress\u00f5es] para as amigas, que percebiam os roxos pelo seu corpo. Para mim, que s\u00f3 conversava por telefone, ela dizia que estava tudo bem\u201d, lamentou o jovem.<\/p>\n\n\n\n<p>Al\u00e9m de t\u00e9cnica em enfermagem, Elisete trabalhava como agente comunit\u00e1ria em uma unidade de sa\u00fade e, \u00e0 noite, era cuidadora de idosos. Era apaixonada pelas profiss\u00f5es. O Rafael tamb\u00e9m refor\u00e7a que ela era amada pelos filhos. \u201cMinha m\u00e3e foi sensacional. Ela j\u00e1 tinha separado do meu pai, que era alco\u00f3latra. Foi guerreira, fez sua independ\u00eancia, se formou, estudou e conquistou tudo que desejava. Infelizmente ela nunca mais vai voltar\u201d, lamentou.<\/p>\n\n\n\n<p>A fam\u00edlia agora espera pela pris\u00e3o do ex-marido de Elisete e acompanha de perto as investiga\u00e7\u00f5es da Divis\u00e3o de Homic\u00eddios e Prote\u00e7\u00e3o \u00e0 Pessoa (DHPP), da Pol\u00edcia Civil.<\/p>\n\n\n\n<p>Banda B<br><\/p>\n\n\n\n<p><br><br><\/p>\n","protected":false},"excerpt":{"rendered":"<p>Mulher de 58 anos foi morta dentro de casa, no bairro Umbar\u00e1, em Curitiba Familiares da agente de sa\u00fade de 58 anos,\u00a0Elisete Menin Arnold, morta na \u00faltima sexta-feira (20) com tr\u00eas tiros dentro de casa, buscam justi\u00e7a. Escondida dos filhos, ela anotava toda a sua rotina em um di\u00e1rio. Nele, a moradora do bairro Umbar\u00e1, [&hellip;]<\/p>\n","protected":false},"author":2,"featured_media":20037,"comment_status":"open","ping_status":"open","sticky":false,"template":"","format":"standard","meta":{"advanced_seo_description":"","jetpack_seo_html_title":"","jetpack_seo_noindex":false,"_jetpack_memberships_contains_paid_content":false,"footnotes":""},"categories":[33],"tags":[],"class_list":{"0":"post-20036","1":"post","2":"type-post","3":"status-publish","4":"format-standard","5":"has-post-thumbnail","7":"category-policia"},"jetpack_featured_media_url":"https:\/\/www.paranapraia.com.br\/wp-content\/uploads\/2019\/09\/agente.jpg","jetpack_sharing_enabled":true,"_links":{"self":[{"href":"https:\/\/www.paranapraia.com.br\/index.php\/wp-json\/wp\/v2\/posts\/20036"}],"collection":[{"href":"https:\/\/www.paranapraia.com.br\/index.php\/wp-json\/wp\/v2\/posts"}],"about":[{"href":"https:\/\/www.paranapraia.com.br\/index.php\/wp-json\/wp\/v2\/types\/post"}],"author":[{"embeddable":true,"href":"https:\/\/www.paranapraia.com.br\/index.php\/wp-json\/wp\/v2\/users\/2"}],"replies":[{"embeddable":true,"href":"https:\/\/www.paranapraia.com.br\/index.php\/wp-json\/wp\/v2\/comments?post=20036"}],"version-history":[{"count":1,"href":"https:\/\/www.paranapraia.com.br\/index.php\/wp-json\/wp\/v2\/posts\/20036\/revisions"}],"predecessor-version":[{"id":20038,"href":"https:\/\/www.paranapraia.com.br\/index.php\/wp-json\/wp\/v2\/posts\/20036\/revisions\/20038"}],"wp:featuredmedia":[{"embeddable":true,"href":"https:\/\/www.paranapraia.com.br\/index.php\/wp-json\/wp\/v2\/media\/20037"}],"wp:attachment":[{"href":"https:\/\/www.paranapraia.com.br\/index.php\/wp-json\/wp\/v2\/media?parent=20036"}],"wp:term":[{"taxonomy":"category","embeddable":true,"href":"https:\/\/www.paranapraia.com.br\/index.php\/wp-json\/wp\/v2\/categories?post=20036"},{"taxonomy":"post_tag","embeddable":true,"href":"https:\/\/www.paranapraia.com.br\/index.php\/wp-json\/wp\/v2\/tags?post=20036"}],"curies":[{"name":"wp","href":"https:\/\/api.w.org\/{rel}","templated":true}]}}