{"id":20020,"date":"2019-09-25T08:29:58","date_gmt":"2019-09-25T11:29:58","guid":{"rendered":"https:\/\/www.paranapraia.com.br\/?p=20020"},"modified":"2019-09-25T08:29:59","modified_gmt":"2019-09-25T11:29:59","slug":"supremo-julga-se-amante-tem-direito-a-pensao-de-falecido","status":"publish","type":"post","link":"https:\/\/www.paranapraia.com.br\/index.php\/2019\/09\/25\/supremo-julga-se-amante-tem-direito-a-pensao-de-falecido\/","title":{"rendered":"Supremo julga se amante tem direito a pens\u00e3o de falecido"},"content":{"rendered":"\n<p>O Supremo Tribunal Federal (STF) julga nesta quarta-feira (25) se amantes t\u00eam direito a parte de pens\u00e3o por morte a ser dividida com a vi\u00fava ou o vi\u00favo.<\/p>\n\n\n\n<p>O STF vai analisar um recurso com repercuss\u00e3o geral, ou seja, a decis\u00e3o tomada valer\u00e1 para todos os casos semelhantes nas demais inst\u00e2ncias do pa\u00eds.<\/p>\n\n\n\n<p>Hoje, a maioria das decis\u00f5es da Justi\u00e7a tem negado a amantes direitos previdenci\u00e1rios, exclusivos do c\u00f4njuge ou do companheiro com uni\u00e3o est\u00e1vel comprovada.<\/p>\n\n\n\n<p>O caso julgado pelo STF teve origem em Sergipe. No recurso, o amante pede o reconhecimento da uni\u00e3o est\u00e1vel extraconjugal homoafetiva e a divis\u00e3o da pens\u00e3o por morte com a vi\u00fava.<\/p>\n\n\n\n<p>O autor afirma que houve ofensa aos princ\u00edpios da dignidade da pessoa humana e da igualdade na decis\u00e3o que negou a pens\u00e3o.<\/p>\n\n\n\n<p>O relator do recurso \u00e9 o ministro&nbsp;Alexandre de Moraes. Mesmo sendo um pedido relacionado a um caso homoafetivo, a decis\u00e3o final valer\u00e1 tamb\u00e9m para rela\u00e7\u00f5es heterossexuais.<\/p>\n\n\n\n<p>Se o pedido for aceito, o vi\u00favo ou vi\u00fava ter\u00e1 que dividir a pens\u00e3o por morte com o amante, que passar\u00e1 a receber a totalidade em caso da morte do outro.<\/p>\n\n\n\n<p>A Associa\u00e7\u00e3o de Direito de Fam\u00edlia e das Sucess\u00f5es (ADFAS), que ingressou na a\u00e7\u00e3o como interessada, defende que amantes n\u00e3o s\u00e3o membros da fam\u00edlia e que benef\u00edcios previdenci\u00e1rios sempre resultam de uma rela\u00e7\u00e3o familiar.<\/p>\n\n\n\n<p>Outra pol\u00eamica seria a possibilidade de impacto nas contas da Previd\u00eancia Social, j\u00e1 que a pens\u00e3o n\u00e3o seria encerrada com a morte de um dos beneficiados, que pode ser mais jovem que o outro.<\/p>\n\n\n\n<p>Em 2008, a Primeira Turma da Corte&nbsp;julgou um tri\u00e2ngulo amoroso&nbsp;e negou dar pens\u00e3o por morte \u00e0 amante de um fiscal de renda da Bahia, mesmo ap\u00f3s 37 anos de rela\u00e7\u00e3o extraconjugal e 11 filhos.<\/p>\n\n\n\n<p>Ricardo Lewandowski,&nbsp;C\u00e1rmen L\u00facia&nbsp;e Menezes Direito, falecido, seguiram o voto do relator,&nbsp;Marco Aur\u00e9lio Mello, que citou o artigo 226 da Constitui\u00e7\u00e3o Federal.<\/p>\n\n\n\n<p>\u201cConcubinato \u00e9 compartilhar o leito, uni\u00e3o est\u00e1vel \u00e9 compartilhar a vida. Para a Constitui\u00e7\u00e3o Federal, esta uni\u00e3o est\u00e1vel \u00e9 o \u2018embri\u00e3o\u2019 de um casamento\u201d, disse Lewandowski.<\/p>\n\n\n\n<p>Carlos Ayres Britto, aposentado, acabou vencido pela maioria. \u201cPara a Constitui\u00e7\u00e3o Federal, n\u00e3o existe concubina. Ela era t\u00e3o vi\u00fava quanto a outra\u201d, disse.<\/p>\n\n\n\n<p>Bem Paran\u00e1<br><\/p>\n","protected":false},"excerpt":{"rendered":"<p>O Supremo Tribunal Federal (STF) julga nesta quarta-feira (25) se amantes t\u00eam direito a parte de pens\u00e3o por morte a ser dividida com a vi\u00fava ou o vi\u00favo. O STF vai analisar um recurso com repercuss\u00e3o geral, ou seja, a decis\u00e3o tomada valer\u00e1 para todos os casos semelhantes nas demais inst\u00e2ncias do pa\u00eds. Hoje, a [&hellip;]<\/p>\n","protected":false},"author":2,"featured_media":20021,"comment_status":"open","ping_status":"open","sticky":false,"template":"","format":"standard","meta":{"advanced_seo_description":"","jetpack_seo_html_title":"","jetpack_seo_noindex":false,"_jetpack_memberships_contains_paid_content":false,"footnotes":""},"categories":[32],"tags":[],"class_list":{"0":"post-20020","1":"post","2":"type-post","3":"status-publish","4":"format-standard","5":"has-post-thumbnail","7":"category-politica"},"jetpack_featured_media_url":"https:\/\/www.paranapraia.com.br\/wp-content\/uploads\/2019\/09\/sup.jpg","jetpack_sharing_enabled":true,"_links":{"self":[{"href":"https:\/\/www.paranapraia.com.br\/index.php\/wp-json\/wp\/v2\/posts\/20020"}],"collection":[{"href":"https:\/\/www.paranapraia.com.br\/index.php\/wp-json\/wp\/v2\/posts"}],"about":[{"href":"https:\/\/www.paranapraia.com.br\/index.php\/wp-json\/wp\/v2\/types\/post"}],"author":[{"embeddable":true,"href":"https:\/\/www.paranapraia.com.br\/index.php\/wp-json\/wp\/v2\/users\/2"}],"replies":[{"embeddable":true,"href":"https:\/\/www.paranapraia.com.br\/index.php\/wp-json\/wp\/v2\/comments?post=20020"}],"version-history":[{"count":1,"href":"https:\/\/www.paranapraia.com.br\/index.php\/wp-json\/wp\/v2\/posts\/20020\/revisions"}],"predecessor-version":[{"id":20022,"href":"https:\/\/www.paranapraia.com.br\/index.php\/wp-json\/wp\/v2\/posts\/20020\/revisions\/20022"}],"wp:featuredmedia":[{"embeddable":true,"href":"https:\/\/www.paranapraia.com.br\/index.php\/wp-json\/wp\/v2\/media\/20021"}],"wp:attachment":[{"href":"https:\/\/www.paranapraia.com.br\/index.php\/wp-json\/wp\/v2\/media?parent=20020"}],"wp:term":[{"taxonomy":"category","embeddable":true,"href":"https:\/\/www.paranapraia.com.br\/index.php\/wp-json\/wp\/v2\/categories?post=20020"},{"taxonomy":"post_tag","embeddable":true,"href":"https:\/\/www.paranapraia.com.br\/index.php\/wp-json\/wp\/v2\/tags?post=20020"}],"curies":[{"name":"wp","href":"https:\/\/api.w.org\/{rel}","templated":true}]}}