{"id":20011,"date":"2019-09-25T08:24:20","date_gmt":"2019-09-25T11:24:20","guid":{"rendered":"https:\/\/www.paranapraia.com.br\/?p=20011"},"modified":"2019-09-25T08:24:21","modified_gmt":"2019-09-25T11:24:21","slug":"agrotoxicos-podem-ser-a-causa-de-malformacao-de-anfibios-no-rs","status":"publish","type":"post","link":"https:\/\/www.paranapraia.com.br\/index.php\/2019\/09\/25\/agrotoxicos-podem-ser-a-causa-de-malformacao-de-anfibios-no-rs\/","title":{"rendered":"Agrot\u00f3xicos podem ser a causa de malforma\u00e7\u00e3o de anf\u00edbios no RS"},"content":{"rendered":"\n<h4 class=\"wp-block-heading\">Estudo sugere que sapos, r\u00e3s e pererecas t\u00eam anormalidades potencializadas pelo uso de pesticidas.<br><\/h4>\n\n\n\n<p>Anormalidades morfol\u00f3gicas s\u00e3o altera\u00e7\u00f5es na forma do corpo de um animal durante o seu desenvolvimento, que podem surgir como consequ\u00eancia de v\u00e1rios fatores. Nos \u00faltimos anos, o decl\u00ednio progressivo nas popula\u00e7\u00f5es de anuros \u2013 sapos, r\u00e3s e pererecas \u2013 deixou muitas esp\u00e9cies vulner\u00e1veis \u200b\u200b\u00e0 extin\u00e7\u00e3o. Estudos recentes apontam que o uso de agrot\u00f3xicos pode influenciar no desenvolvimento e no metabolismo desses anf\u00edbios, e a infec\u00e7\u00e3o por v\u00edrus tem sido apontada por aumentar a toxicidade de pesticidas, o que pode estar potencializando o problema.<\/p>\n\n\n\n<p>Estudos j\u00e1 desenvolvidos com anuros identificaram ambientes de anormalidades morfol\u00f3gicas com frequ\u00eancia ultrapassando 5% em ambientes naturais. No norte do Rio Grande do Sul, pesquisadores do Programa de P\u00f3s-Gradua\u00e7\u00e3o em Ci\u00eancias Ambientais da Universidade de Passo Fundo (UPF) registraram uma frequ\u00eancia de anormalidades acima desse percentual, caracterizando a regi\u00e3o como um ambiente de anormalidades. O grupo de cientistas encontrou nove tipos de anormalidade em uma floresta e sete em uma \u00e1rea agr\u00edcola.<\/p>\n\n\n\n<p>A pesquisa tem sido desenvolvida pelos pesquisadores Tha\u00eds Ascoli Morrete e Elias Signor, do curso de mestrado do Programa de P\u00f3s-Gradua\u00e7\u00e3o em Ci\u00eancias Ambientais da UPF, e pela Dra. Manuela Santos Pereira, do Laborat\u00f3rio de Ecologia de Vertebrados da Universidade do Estado do Rio de Janeiro (UERJ), coordenados pela professora da UPF Dra. Noeli Zanella. Segundo eles, o papel potencial das anormalidades morfol\u00f3gicas como um mecanismo desse decl\u00ednio na popula\u00e7\u00e3o de anuros tem atra\u00eddo a aten\u00e7\u00e3o de muitos pesquisadores em estudos recentes.<\/p>\n\n\n\n<h2 class=\"wp-block-heading\">O estudo<\/h2>\n\n\n\n<p>Para o estudo, o grupo de pesquisadores trabalhou em tr\u00eas espa\u00e7os: \u00e1rea florestal; \u00e1rea agr\u00edcola; \u00e1rea periurbana. \u201cOs ambientes agr\u00edcola e florestal apresentaram uma diversidade semelhante de anormalidades. Isso pode refletir o pequeno tamanho dos fragmentos florestais estudados e a influ\u00eancia do entorno agr\u00edcola nessa \u00e1rea\u201d, comenta a professora que coordenou o estudo, citando que a \u00e1rea periurbana apresentou uma menor incid\u00eancia de anormalidades, o que pode ser atribu\u00eddo \u00e0s suas caracter\u00edsticas, por se tratar de uma \u00e1rea de preserva\u00e7\u00e3o.<\/p>\n\n\n\n<p>Dentre as principais anormalidades encontradas durante a pesquisa, os pesquisadores evidenciaram a braquidactilia como a mais recorrente, o que ocasiona uma m\u00e1 forma\u00e7\u00e3o dos dedos, que ficam anormalmente curtos. A professora explica que os anuros s\u00e3o apontados como um dos grupos animais mais amea\u00e7ados do planeta, com taxas de extin\u00e7\u00e3o maiores do que as de outros vertebrados. \u201cAlgumas caracter\u00edsticas dos anuros os tornam mais sens\u00edveis \u00e0s mudan\u00e7as no ambiente, como por exemplo possuir pele perme\u00e1vel, assim, s\u00e3o \u00f3timos bioindicadores ambientais\u201d, pontua.<\/p>\n\n\n\n<ul class=\"wp-block-list\"><li><a href=\"https:\/\/cdn-cv.r4you.co\/wp-content\/uploads\/2019\/09\/pesquisadores-em-campo.jpg\"><\/a><\/li><li><a href=\"https:\/\/cdn-cv.r4you.co\/wp-content\/uploads\/2019\/09\/anuro-com-ma-forma%C3%A7%C3%A3o.jpg\"><\/a><\/li><\/ul>\n\n\n\n<p>Os dados mostram que as anormalidades morfol\u00f3gicas podem afetar as popula\u00e7\u00f5es de anuros de forma diferente, e que, portanto, podem se tornar um s\u00e9rio problema para a sobreviv\u00eancia do grupo. \u201cDiferentes \u00e1reas podem apresentar diferen\u00e7as quanto \u00e0 frequ\u00eancia de anormalidades e estudos em \u00e1reas agr\u00edcolas parecem indicar que, nessas, as anormalidades s\u00e3o mais comuns e afetam mais os anuros, possivelmente devido \u00e0 contamina\u00e7\u00e3o por agrot\u00f3xicos, como os pesticidas\u201d, considera a pesquisadora Manuela.<\/p>\n\n\n\n<h2 class=\"wp-block-heading\">Anuros na biodiversidade<\/h2>\n\n\n\n<p>Atualmente, s\u00e3o conhecidas mais de mil esp\u00e9cies de anuros no Brasil e esse grupo \u00e9 um dos mais ricos do mundo, conforme os pesquisadores. \u201cNa Mata Atl\u00e2ntica, mais de 85% dessas esp\u00e9cies s\u00e3o end\u00eamicas, isso \u00e9, exclusivas do local onde vivem. Apresentam os mais diversificados modos de reprodu\u00e7\u00e3o conhecidos entre todos os vertebrados, ocupando uma importante posi\u00e7\u00e3o na teia alimentar\u201d, explicam eles.<\/p>\n\n\n\n<p>Sobre a atua\u00e7\u00e3o dos anuros, eles destacam que s\u00e3o importantes predadores de artr\u00f3podes, principalmente insetos, e mesmo de pequenos vertebrados. \u201cS\u00e3o tamb\u00e9m presas para a alimenta\u00e7\u00e3o de mam\u00edferos, aves, r\u00e9pteis e mesmo de outros anf\u00edbios e at\u00e9 de artr\u00f3podes, contribuindo para o equil\u00edbrio ecol\u00f3gico das comunidades\u201d, dizem. O ciclo de vida, geralmente compreendido por uma larva aqu\u00e1tica (girino) e uma fase adulta terrestre, torna os anf\u00edbios um dos grupos mais afetados pelas altera\u00e7\u00f5es ambientais.<\/p>\n\n\n\n<p>As informa\u00e7\u00f5es s\u00e3o da Universidade de Passo Fundo.<br><\/p>\n","protected":false},"excerpt":{"rendered":"<p>Estudo sugere que sapos, r\u00e3s e pererecas t\u00eam anormalidades potencializadas pelo uso de pesticidas. Anormalidades morfol\u00f3gicas s\u00e3o altera\u00e7\u00f5es na forma do corpo de um animal durante o seu desenvolvimento, que podem surgir como consequ\u00eancia de v\u00e1rios fatores. Nos \u00faltimos anos, o decl\u00ednio progressivo nas popula\u00e7\u00f5es de anuros \u2013 sapos, r\u00e3s e pererecas \u2013 deixou muitas [&hellip;]<\/p>\n","protected":false},"author":2,"featured_media":20012,"comment_status":"open","ping_status":"open","sticky":false,"template":"","format":"standard","meta":{"advanced_seo_description":"","jetpack_seo_html_title":"","jetpack_seo_noindex":false,"_jetpack_memberships_contains_paid_content":false,"footnotes":""},"categories":[34],"tags":[],"class_list":{"0":"post-20011","1":"post","2":"type-post","3":"status-publish","4":"format-standard","5":"has-post-thumbnail","7":"category-meio-ambiente"},"jetpack_featured_media_url":"https:\/\/www.paranapraia.com.br\/wp-content\/uploads\/2019\/09\/ra.jpg","jetpack_sharing_enabled":true,"_links":{"self":[{"href":"https:\/\/www.paranapraia.com.br\/index.php\/wp-json\/wp\/v2\/posts\/20011"}],"collection":[{"href":"https:\/\/www.paranapraia.com.br\/index.php\/wp-json\/wp\/v2\/posts"}],"about":[{"href":"https:\/\/www.paranapraia.com.br\/index.php\/wp-json\/wp\/v2\/types\/post"}],"author":[{"embeddable":true,"href":"https:\/\/www.paranapraia.com.br\/index.php\/wp-json\/wp\/v2\/users\/2"}],"replies":[{"embeddable":true,"href":"https:\/\/www.paranapraia.com.br\/index.php\/wp-json\/wp\/v2\/comments?post=20011"}],"version-history":[{"count":1,"href":"https:\/\/www.paranapraia.com.br\/index.php\/wp-json\/wp\/v2\/posts\/20011\/revisions"}],"predecessor-version":[{"id":20013,"href":"https:\/\/www.paranapraia.com.br\/index.php\/wp-json\/wp\/v2\/posts\/20011\/revisions\/20013"}],"wp:featuredmedia":[{"embeddable":true,"href":"https:\/\/www.paranapraia.com.br\/index.php\/wp-json\/wp\/v2\/media\/20012"}],"wp:attachment":[{"href":"https:\/\/www.paranapraia.com.br\/index.php\/wp-json\/wp\/v2\/media?parent=20011"}],"wp:term":[{"taxonomy":"category","embeddable":true,"href":"https:\/\/www.paranapraia.com.br\/index.php\/wp-json\/wp\/v2\/categories?post=20011"},{"taxonomy":"post_tag","embeddable":true,"href":"https:\/\/www.paranapraia.com.br\/index.php\/wp-json\/wp\/v2\/tags?post=20011"}],"curies":[{"name":"wp","href":"https:\/\/api.w.org\/{rel}","templated":true}]}}