{"id":19923,"date":"2019-09-24T09:32:36","date_gmt":"2019-09-24T12:32:36","guid":{"rendered":"https:\/\/www.paranapraia.com.br\/?p=19923"},"modified":"2019-09-24T09:32:42","modified_gmt":"2019-09-24T12:32:42","slug":"laudo-aponta-que-avo-denunciada-por-morte-de-neto-de-1-ano-em-porecatu-sofre-de-transtorno-bipolar","status":"publish","type":"post","link":"https:\/\/www.paranapraia.com.br\/index.php\/2019\/09\/24\/laudo-aponta-que-avo-denunciada-por-morte-de-neto-de-1-ano-em-porecatu-sofre-de-transtorno-bipolar\/","title":{"rendered":"Laudo aponta que av\u00f3 denunciada por morte de neto de 1 ano em Porecatu sofre de transtorno bipolar"},"content":{"rendered":"\n<h4 class=\"wp-block-heading\">M\u00e9dico perito concluiu que Michele Rodrigues sofre de transtorno mental caracterizado por altera\u00e7\u00f5es do humor, com recorr\u00eancia de epis\u00f3dios depressivos e man\u00edacos. Defesa informou que vai se manifestar ap\u00f3s an\u00e1lise de laudo por juiz.<\/h4>\n\n\n\n<p>A mulher denunciada pela morte do neto de 1 ano e 7 meses em Porecatu, no norte do Paran\u00e1, sofre de Transtorno Afetivo Bipolar (TAB). Esta \u00e9 a conclus\u00e3o do exame de sanidade mental realizado pelo Instituto M\u00e9dico-Legal (IML). O laudo foi conclu\u00eddo e encaminhado \u00e0 Justi\u00e7a na sexta-feira (20).<\/p>\n\n\n\n<p>Michele Rodrigues, de 39 anos, est\u00e1 presa desde 18 de maio,\u00a0um dia depois do beb\u00ea Wyllan Rodrigues ser encontrado morto no ber\u00e7o. Michele e o bisav\u00f4 da crian\u00e7a\u00a0foram denunciados por homic\u00eddio qualificado, por uso de meio cruel.<\/p>\n\n\n\n<p>Conforme o laudo, Michele Rodrigues, que \u00e9 farmac\u00eautica e doutora em bioqu\u00edmica, sofre de um transtorno mental caracterizado por altera\u00e7\u00f5es do humor, com recorr\u00eancia de epis\u00f3dios depressivos e man\u00edacos.<\/p>\n\n\n\n<p>O laudo indica que Michele era parcialmente incapaz de entender o car\u00e1ter il\u00edcito do fato e inteiramente incapaz de &#8220;determinar-se de acordo com esse entendimento&#8221;.<\/p>\n\n\n\n<p>O m\u00e9dico perito recomenda que &#8220;a examinada permane\u00e7a continuamente em tratamento m\u00e9dico ambulatorial e em uso de rem\u00e9dios, prevenindo que se torne perigosa para si mesma e para a sociedade&#8221;.<\/p>\n\n\n\n<p>O Minist\u00e9rio P\u00fablico do Paran\u00e1 (MP-PR) informou que est\u00e1 estudando como se posicionar\u00e1 sobre o laudo.<\/p>\n\n\n\n<p>A defesa de Michele Rodrigues informou que s\u00f3 vai se manifestar sobre o exame e o sobre o caso ap\u00f3s a an\u00e1lise do laudo por parte do juiz respons\u00e1vel pelo caso.<\/p>\n\n\n\n<figure class=\"wp-block-image\"><img decoding=\"async\" src=\"https:\/\/s2.glbimg.com\/kGaQ4T9V1Z7bJlMx5YxybnaM8ps=\/0x0:964x683\/984x0\/smart\/filters:strip_icc()\/i.s3.glbimg.com\/v1\/AUTH_59edd422c0c84a879bd37670ae4f538a\/internal_photos\/bs\/2019\/M\/c\/W7LIQhSh6iTFrHJLNCvQ\/bebe-porecatu.jpg\" alt=\"Willan Rodrigues, de 1 ano e 7 meses, foi encontrado morto na casa da av\u00f3, em Porecatu \u2014 Foto: Reprodu\u00e7\u00e3o\/RPC\"\/><\/figure>\n\n\n\n<p>Willan Rodrigues, de 1 ano e 7 meses, foi encontrado morto na casa da av\u00f3, em Porecatu \u2014 Foto: Reprodu\u00e7\u00e3o\/RPC<\/p>\n\n\n\n<p>G1PR<br><\/p>\n","protected":false},"excerpt":{"rendered":"<p>M\u00e9dico perito concluiu que Michele Rodrigues sofre de transtorno mental caracterizado por altera\u00e7\u00f5es do humor, com recorr\u00eancia de epis\u00f3dios depressivos e man\u00edacos. Defesa informou que vai se manifestar ap\u00f3s an\u00e1lise de laudo por juiz. A mulher denunciada pela morte do neto de 1 ano e 7 meses em Porecatu, no norte do Paran\u00e1, sofre de [&hellip;]<\/p>\n","protected":false},"author":2,"featured_media":19925,"comment_status":"open","ping_status":"open","sticky":false,"template":"","format":"standard","meta":{"advanced_seo_description":"","jetpack_seo_html_title":"","jetpack_seo_noindex":false,"_jetpack_memberships_contains_paid_content":false,"footnotes":""},"categories":[33],"tags":[],"class_list":{"0":"post-19923","1":"post","2":"type-post","3":"status-publish","4":"format-standard","5":"has-post-thumbnail","7":"category-policia"},"jetpack_featured_media_url":"https:\/\/www.paranapraia.com.br\/wp-content\/uploads\/2019\/09\/gord.jpg","jetpack_sharing_enabled":true,"_links":{"self":[{"href":"https:\/\/www.paranapraia.com.br\/index.php\/wp-json\/wp\/v2\/posts\/19923"}],"collection":[{"href":"https:\/\/www.paranapraia.com.br\/index.php\/wp-json\/wp\/v2\/posts"}],"about":[{"href":"https:\/\/www.paranapraia.com.br\/index.php\/wp-json\/wp\/v2\/types\/post"}],"author":[{"embeddable":true,"href":"https:\/\/www.paranapraia.com.br\/index.php\/wp-json\/wp\/v2\/users\/2"}],"replies":[{"embeddable":true,"href":"https:\/\/www.paranapraia.com.br\/index.php\/wp-json\/wp\/v2\/comments?post=19923"}],"version-history":[{"count":1,"href":"https:\/\/www.paranapraia.com.br\/index.php\/wp-json\/wp\/v2\/posts\/19923\/revisions"}],"predecessor-version":[{"id":19926,"href":"https:\/\/www.paranapraia.com.br\/index.php\/wp-json\/wp\/v2\/posts\/19923\/revisions\/19926"}],"wp:featuredmedia":[{"embeddable":true,"href":"https:\/\/www.paranapraia.com.br\/index.php\/wp-json\/wp\/v2\/media\/19925"}],"wp:attachment":[{"href":"https:\/\/www.paranapraia.com.br\/index.php\/wp-json\/wp\/v2\/media?parent=19923"}],"wp:term":[{"taxonomy":"category","embeddable":true,"href":"https:\/\/www.paranapraia.com.br\/index.php\/wp-json\/wp\/v2\/categories?post=19923"},{"taxonomy":"post_tag","embeddable":true,"href":"https:\/\/www.paranapraia.com.br\/index.php\/wp-json\/wp\/v2\/tags?post=19923"}],"curies":[{"name":"wp","href":"https:\/\/api.w.org\/{rel}","templated":true}]}}