{"id":19915,"date":"2019-09-24T09:10:22","date_gmt":"2019-09-24T12:10:22","guid":{"rendered":"https:\/\/www.paranapraia.com.br\/?p=19915"},"modified":"2019-09-24T09:10:24","modified_gmt":"2019-09-24T12:10:24","slug":"mulher-e-presa-por-embriaguez-ao-volante-filhas-gemeas-estavam-no-carro","status":"publish","type":"post","link":"https:\/\/www.paranapraia.com.br\/index.php\/2019\/09\/24\/mulher-e-presa-por-embriaguez-ao-volante-filhas-gemeas-estavam-no-carro\/","title":{"rendered":"Mulher \u00e9 presa por embriaguez ao volante; filhas g\u00eameas estavam no carro"},"content":{"rendered":"\n<p>Uma mulher, de 37 anos, foi presa por embriaguez ao volante na madrugada desta segunda-feira (23), na Avenida Victor Ferreira do Amaral, no bairro Tarum\u00e3, em Curitiba. Ela voltava de um evento com as duas filhas g\u00eameas, de oito anos, no carro e, de acordo com testemunhas, discutia com o marido no celular no momento em que o acidente aconteceu.<\/p>\n\n\n\n<p>A motorista bateu contra um poste, perdeu o controle do ve\u00edculo e capotou v\u00e1rias vezes. Por pouco, ela n\u00e3o atingiu clientes e funcion\u00e1rios de uma barraquinha de cachorro-quente. A mulher e as filhas n\u00e3o se feriram.<\/p>\n\n\n\n<p>No entanto, ao ser submetida ao teste do baf\u00f4metro, a Pol\u00edcia Militar constatou embriaguez ao volante. A condutora teve um resultado de 0,47 mg\/l no baf\u00f4metro. Ela foi detida e levada para a Delegacia de Delitos de Tr\u00e2nsito (Dedetran). Familiares das crian\u00e7as foram chamados e as meninas foram levadas para casa.<\/p>\n\n\n\n<p><em>Colabora\u00e7\u00e3o Iverson Vaz\/ Rede Massa<\/em><\/p>\n\n\n\n<p><em>(Foto: Reprodu\u00e7\u00e3o\/ Rede Massa)<\/em><a href=\"https:\/\/api.whatsapp.com\/send?text=Mulher%20%C3%A9%20presa%20por%20embriaguez%20ao%20volante;%20filhas%20g%C3%AAmeas%20estavam%20no%20carro%20http:\/\/redemassa.com.br\/\/noticias\/plantao\/mulher-e-presa-por-embriaguez-ao-volante-filhas-gemeas-estavam-no-carro\" target=\"_blank\" rel=\"noreferrer noopener\"><br>\n\n<\/a><\/p>\n","protected":false},"excerpt":{"rendered":"<p>Uma mulher, de 37 anos, foi presa por embriaguez ao volante na madrugada desta segunda-feira (23), na Avenida Victor Ferreira do Amaral, no bairro Tarum\u00e3, em Curitiba. Ela voltava de um evento com as duas filhas g\u00eameas, de oito anos, no carro e, de acordo com testemunhas, discutia com o marido no celular no momento [&hellip;]<\/p>\n","protected":false},"author":2,"featured_media":19916,"comment_status":"open","ping_status":"open","sticky":false,"template":"","format":"standard","meta":{"advanced_seo_description":"","jetpack_seo_html_title":"","jetpack_seo_noindex":false,"_jetpack_memberships_contains_paid_content":false,"footnotes":""},"categories":[52],"tags":[],"class_list":{"0":"post-19915","1":"post","2":"type-post","3":"status-publish","4":"format-standard","5":"has-post-thumbnail","7":"category-acidentes"},"jetpack_featured_media_url":"https:\/\/www.paranapraia.com.br\/wp-content\/uploads\/2019\/09\/capott.png","jetpack_sharing_enabled":true,"_links":{"self":[{"href":"https:\/\/www.paranapraia.com.br\/index.php\/wp-json\/wp\/v2\/posts\/19915"}],"collection":[{"href":"https:\/\/www.paranapraia.com.br\/index.php\/wp-json\/wp\/v2\/posts"}],"about":[{"href":"https:\/\/www.paranapraia.com.br\/index.php\/wp-json\/wp\/v2\/types\/post"}],"author":[{"embeddable":true,"href":"https:\/\/www.paranapraia.com.br\/index.php\/wp-json\/wp\/v2\/users\/2"}],"replies":[{"embeddable":true,"href":"https:\/\/www.paranapraia.com.br\/index.php\/wp-json\/wp\/v2\/comments?post=19915"}],"version-history":[{"count":1,"href":"https:\/\/www.paranapraia.com.br\/index.php\/wp-json\/wp\/v2\/posts\/19915\/revisions"}],"predecessor-version":[{"id":19917,"href":"https:\/\/www.paranapraia.com.br\/index.php\/wp-json\/wp\/v2\/posts\/19915\/revisions\/19917"}],"wp:featuredmedia":[{"embeddable":true,"href":"https:\/\/www.paranapraia.com.br\/index.php\/wp-json\/wp\/v2\/media\/19916"}],"wp:attachment":[{"href":"https:\/\/www.paranapraia.com.br\/index.php\/wp-json\/wp\/v2\/media?parent=19915"}],"wp:term":[{"taxonomy":"category","embeddable":true,"href":"https:\/\/www.paranapraia.com.br\/index.php\/wp-json\/wp\/v2\/categories?post=19915"},{"taxonomy":"post_tag","embeddable":true,"href":"https:\/\/www.paranapraia.com.br\/index.php\/wp-json\/wp\/v2\/tags?post=19915"}],"curies":[{"name":"wp","href":"https:\/\/api.w.org\/{rel}","templated":true}]}}