{"id":19911,"date":"2019-09-24T09:02:49","date_gmt":"2019-09-24T12:02:49","guid":{"rendered":"https:\/\/www.paranapraia.com.br\/?p=19911"},"modified":"2019-09-24T09:02:50","modified_gmt":"2019-09-24T12:02:50","slug":"a-primavera-chegou-veja-como-sera-a-estacao-no-parana","status":"publish","type":"post","link":"https:\/\/www.paranapraia.com.br\/index.php\/2019\/09\/24\/a-primavera-chegou-veja-como-sera-a-estacao-no-parana\/","title":{"rendered":"A primavera chegou: veja como ser\u00e1 a esta\u00e7\u00e3o no Paran\u00e1"},"content":{"rendered":"\n<p>Come\u00e7ou, \u00e0s 4h50 desta segunda-feira (23), a esta\u00e7\u00e3o mais colorida do ano: a primavera. No Brasil, o per\u00edodo \u00e9 caracterizado pela chegada das chuvas.<\/p>\n\n\n\n<p>&#8220;A primavera, no geral, \u00e9 a mudan\u00e7a da esta\u00e7\u00e3o do inverno para a chegada do ver\u00e3o. Estamos saindo de um per\u00edodo frio para come\u00e7ar um per\u00edodo quente. Quando vamos para a parte central do Brasil e Sudeste, a esta\u00e7\u00e3o \u00e9 associada com a chegada das chuvas. Por isso, grande parte do Brasil tem plantio nessa \u00e9poca do ano, em outubro, quando as chuvas come\u00e7am a se fixar&#8221;, disse, em Bras\u00edlia, o chefe da previs\u00e3o do tempo do Inmet, Francisco de Assis.<\/p>\n\n\n\n<p>Acrescentou que a primavera \u00e9 sempre associada a temporais, pancadas de chuva e trovoadas: &#8220;Exatamente por isso que estamos entrando em um per\u00edodo quente com a forma\u00e7\u00e3o de nuvens, para come\u00e7ar o per\u00edodo de chuva&#8221;, explicou.<\/p>\n\n\n\n<h2 class=\"wp-block-heading\">Sul<\/h2>\n\n\n\n<p>Na primavera, ainda de acordo com o Instituto Nacional de Meteorologia, as chuvas devem permanecer ligeiramente acima da faixa normal nos tr\u00eas estados da regi\u00e3o Sul. J\u00e1 as temperaturas m\u00e9dias devem predominar dentro da normalidade na parte oeste da regi\u00e3o e acima da m\u00e9dia no restante.<\/p>\n\n\n\n<p>Durante o inverno, os maiores volumes de chuva estiveram localizados sobre a metade sul do Rio Grande do Sul. Durante os primeiros dias de junho, deu-se o in\u00edcio da temporada de temperaturas mais baixas, entretanto, as temperaturas abaixo de zero s\u00f3 ocorreram em julho e agosto.<\/p>\n\n\n\n<p>Em \u00e1reas de serra e planalto da Regi\u00e3o Sul do pa\u00eds, houve forma\u00e7\u00e3o de geadas com intensidade variando de moderada a forte. Durante a primeira semana de julho e tamb\u00e9m de agosto, houve registro de neve na regi\u00e3o serrana do Rio Grande do Sul e Santa Catarina.<\/p>\n\n\n\n<h2 class=\"wp-block-heading\">Paran\u00e1<\/h2>\n\n\n\n<p>De acordo com o Instituto Meteorol\u00f3gico do Paran\u00e1, o Simepar, a tend\u00eancia das temperaturas \u00e9 de que os valores fiquem pr\u00f3ximos a acima da m\u00e9dia hist\u00f3rica. O in\u00edcio da esta\u00e7\u00e3o apresenta maior amplitude t\u00e9rmica &#8211; diferen\u00e7a entre os valores de temperatura m\u00e1ximos e m\u00ednimos di\u00e1rios, a qual diminui progressivamente \u00e0 medida que o ver\u00e3o se aproxima.<\/p>\n\n\n\n<p>Grandes varia\u00e7\u00f5es na temperatura ocorrer\u00e3o em per\u00edodos curtos de horas a poucos dias devido ao r\u00e1pido deslocamento de frentes frias e tempestades intensas. O regime das chuvas no Estado do Paran\u00e1 ao longo da primavera ir\u00e1 acompanhar o comportamento m\u00e9dio hist\u00f3rico, exceto no m\u00eas de outubro, que dever\u00e1 registrar chuva abaixo da climatologia. A ocorr\u00eancia de chuvas fortes e volumosas, acompanhadas de grande incid\u00eancia de raios e rajadas de vento fortes, faz parte da climatologia da esta\u00e7\u00e3o. Contudo, a previsibilidade desses fen\u00f4menos \u00e9 de horas a alguns dias.<\/p>\n\n\n\n<p><em>Colabora\u00e7\u00e3o Ag\u00eancia Brasil e Simepar<\/em><\/p>\n\n\n\n<p><em>(Foto: Antonio Cruz\/Ag\u00eancia Brasil)<\/em><a href=\"https:\/\/api.whatsapp.com\/send?text=A%20primavera%20chegou:%20veja%20como%20ser%C3%A1%20a%20esta%C3%A7%C3%A3o%20no%20Paran%C3%A1%20http:\/\/redemassa.com.br\/\/noticias\/plantao\/a-primavera-chegou-veja-como-sera-a-estacao-no-parana\" target=\"_blank\" rel=\"noreferrer noopener\"><br>\n\n<\/a><\/p>\n","protected":false},"excerpt":{"rendered":"<p>Come\u00e7ou, \u00e0s 4h50 desta segunda-feira (23), a esta\u00e7\u00e3o mais colorida do ano: a primavera. No Brasil, o per\u00edodo \u00e9 caracterizado pela chegada das chuvas. &#8220;A primavera, no geral, \u00e9 a mudan\u00e7a da esta\u00e7\u00e3o do inverno para a chegada do ver\u00e3o. Estamos saindo de um per\u00edodo frio para come\u00e7ar um per\u00edodo quente. Quando vamos para a [&hellip;]<\/p>\n","protected":false},"author":2,"featured_media":19912,"comment_status":"open","ping_status":"open","sticky":false,"template":"","format":"standard","meta":{"advanced_seo_description":"","jetpack_seo_html_title":"","jetpack_seo_noindex":false,"_jetpack_memberships_contains_paid_content":false,"footnotes":""},"categories":[34],"tags":[],"class_list":{"0":"post-19911","1":"post","2":"type-post","3":"status-publish","4":"format-standard","5":"has-post-thumbnail","7":"category-meio-ambiente"},"jetpack_featured_media_url":"https:\/\/www.paranapraia.com.br\/wp-content\/uploads\/2019\/09\/flor.jpg","jetpack_sharing_enabled":true,"_links":{"self":[{"href":"https:\/\/www.paranapraia.com.br\/index.php\/wp-json\/wp\/v2\/posts\/19911"}],"collection":[{"href":"https:\/\/www.paranapraia.com.br\/index.php\/wp-json\/wp\/v2\/posts"}],"about":[{"href":"https:\/\/www.paranapraia.com.br\/index.php\/wp-json\/wp\/v2\/types\/post"}],"author":[{"embeddable":true,"href":"https:\/\/www.paranapraia.com.br\/index.php\/wp-json\/wp\/v2\/users\/2"}],"replies":[{"embeddable":true,"href":"https:\/\/www.paranapraia.com.br\/index.php\/wp-json\/wp\/v2\/comments?post=19911"}],"version-history":[{"count":1,"href":"https:\/\/www.paranapraia.com.br\/index.php\/wp-json\/wp\/v2\/posts\/19911\/revisions"}],"predecessor-version":[{"id":19913,"href":"https:\/\/www.paranapraia.com.br\/index.php\/wp-json\/wp\/v2\/posts\/19911\/revisions\/19913"}],"wp:featuredmedia":[{"embeddable":true,"href":"https:\/\/www.paranapraia.com.br\/index.php\/wp-json\/wp\/v2\/media\/19912"}],"wp:attachment":[{"href":"https:\/\/www.paranapraia.com.br\/index.php\/wp-json\/wp\/v2\/media?parent=19911"}],"wp:term":[{"taxonomy":"category","embeddable":true,"href":"https:\/\/www.paranapraia.com.br\/index.php\/wp-json\/wp\/v2\/categories?post=19911"},{"taxonomy":"post_tag","embeddable":true,"href":"https:\/\/www.paranapraia.com.br\/index.php\/wp-json\/wp\/v2\/tags?post=19911"}],"curies":[{"name":"wp","href":"https:\/\/api.w.org\/{rel}","templated":true}]}}