{"id":19432,"date":"2019-09-12T15:10:02","date_gmt":"2019-09-12T18:10:02","guid":{"rendered":"https:\/\/www.paranapraia.com.br\/?p=19432"},"modified":"2019-09-12T15:11:25","modified_gmt":"2019-09-12T18:11:25","slug":"o-que-crivella-tem-em-comum-com-a-cantora-barbra-streisand-no-caso-de-hq-com-beijo-gay","status":"publish","type":"post","link":"https:\/\/www.paranapraia.com.br\/index.php\/2019\/09\/12\/o-que-crivella-tem-em-comum-com-a-cantora-barbra-streisand-no-caso-de-hq-com-beijo-gay\/","title":{"rendered":"O que Crivella tem em comum com a cantora Barbra Streisand no caso de HQ com beijo gay"},"content":{"rendered":"\n<p>A censura do prefeito do Rio de Janeiro, Marcelo Crivella, \u00e0 HQ&nbsp;<em>Vingadores: a Cruzada das Crian\u00e7as,<\/em>&nbsp;de 2010, que estava sendo vendida na Bienal do Livro de 2019, gerou uma pol\u00eamica t\u00e3o grande que o livro se esgotou n\u00e3o s\u00f3 na Bienal com em lojas e livrarias.<\/p>\n\n\n\n<p>O sucesso acidental gerado pela pol\u00eamica at\u00e9 levou o ilustrador brit\u00e2nico Jim Cheung, um dos autores do livro, a dizer que &#8220;deveria\u00a0contratar o prefeito do Rio\u00a0para promover&#8221; seu pr\u00f3ximo livro.<\/p>\n\n\n\n<p>Mas o que isso tem a ver com a cantora americana Barbra Streisand?<\/p>\n\n\n\n<p>\u00c9 um exemplo t\u00edpico do que nos Estados Unidos &#8211; e em outros pa\u00edses &#8211; \u00e9 chamado de &#8220;efeito Streisand&#8221;: s\u00e3o os casos em que tentativas de impor algum tipo de censura acabaram saindo pela culatra e tiveram o indesejado efeito de atrair uma aten\u00e7\u00e3o fenomenal ao objeto que se tentou esconder.<\/p>\n\n\n\n<p>Esse tipo de ocorr\u00eancia acabou ganhando esse apelido gra\u00e7as a um caso envolvendo a cantora em 2003.<\/p>\n\n\n\n<h2 class=\"wp-block-heading\">Processo sobre privacidade<\/h2>\n\n\n\n<p>v\\Em mar\u00e7o de 2003, a estrela processou o fot\u00f3grafo amador Kenneth Adelman, dizendo que ele havia violado sua privacidade ao colocar nas redes uma foto da mans\u00e3o de Streisand na Calif\u00f3rnia.<\/p>\n\n\n\n<figure class=\"wp-block-image\"><img decoding=\"async\" src=\"https:\/\/ichef.bbci.co.uk\/news\/624\/cpsprodpb\/217D\/production\/_108737580_gettyimages-1155193.jpg\" alt=\"Mans\u00e3o de Barbra Streisand em Mlibu\"\/><figcaption>Image captionStreisand alegou que sua privacidade havia sido invadida pela foto de Adelman<\/figcaption><\/figure>\n\n\n\n<p>A imagem era parte de um grupo de 12 mil fotos que ele tinha subido para um site no qual documentava os efeitos da eros\u00e3o e do desenvolvimento imobili\u00e1rio na costa da Calif\u00f3rnia.<\/p>\n\n\n\n<p>Apesar disso, Streisand pediu US$ 50 milh\u00f5es de indeniza\u00e7\u00e3o.<\/p>\n\n\n\n<p>Mas uma ju\u00edza negou o pedido e decidiu que a cantora deveria pagar os US$ 150 mil que o fot\u00f3grafo gastou com advogados.<\/p>\n\n\n\n<p>A foto, que havia sido acessada na internet apenas seis vezes durante o processo, acabou viralizando. O site de Adelman foi visto 420 mil vezes s\u00f3 em abril de 2003.<\/p>\n\n\n\n<h2 class=\"wp-block-heading\">Fotos da Beyonc\u00e9<\/h2>\n\n\n\n<figure class=\"wp-block-image\"><img decoding=\"async\" src=\"https:\/\/ichef.bbci.co.uk\/news\/624\/cpsprodpb\/15615\/production\/_108737578_gettyimages-160625405.jpg\" alt=\"Beyonc\u00e9 durante o show no Superbowl em 2013\"\/><figcaption>Image captionBeyonc\u00e9 disse que fotos desfavor\u00e1veis se tornaram mat\u00e9ria prima para memes<\/figcaption><\/figure>\n\n\n\n<p>O &#8220;efeito Streisand&#8221; \u00e9 algo comum no mundo das celebridades.<\/p>\n\n\n\n<p>Em 2014, o site Buzzfeed foi contatado por um representante da cantora Beyonc\u00e9 Knowles, que pediu para o site retirar do ar as fotos &#8220;que n\u00e3o a estavam favorecendo&#8221;.<\/p>\n\n\n\n<p>O Buzzfeed se recusou e, em vez disso, criou uma galeria chamada &#8220;As Fotos Desfavor\u00e1veis Que o RP da Beyonc\u00e9 N\u00e3o Quer Que Voc\u00ea Veja&#8221;.<\/p>\n\n\n\n<p>A galeria gerou muitas visualiza\u00e7\u00f5es e as imagens se tornaram mat\u00e9ria-prima de muitos memes \u2013 exatamente que o funcion\u00e1rio da cantora estava tentando evitar.<\/p>\n\n\n\n<p>No mundo da pol\u00edtica, o &#8220;efeito Streisand&#8221; tamb\u00e9m n\u00e3o \u00e9 raro.<\/p>\n\n\n\n<p>Na \u00c1frica do Sul, em 2013, autoridades removeram do Aeroporto de Johanesburgo cartazes de uma campanha do grupo de ativismo global Avaaz criticando o ent\u00e3o presidente do pa\u00eds, Jacob Zuma.<\/p>\n\n\n\n<figure class=\"wp-block-image\"><img decoding=\"async\" src=\"https:\/\/ichef.bbci.co.uk\/news\/304\/cpsprodpb\/107F5\/production\/_108737576_4d683da6-b93f-49f8-86c9-bebd48ae1680.jpg\" alt=\"Cartaz da AVAAZ com o ent\u00e3o presidente Jacob Zuma e um Le\u00e3o\"\/><figcaption>Image captionA censura do cartaz foi considerada ilegal pela Suprema Corte do pa\u00eds<\/figcaption><\/figure>\n\n\n\n<p>A Avaaz havia colocado os cartazes com imagens do presidente e de uma leoa sendo amea\u00e7ada por uma arma para uma campanha contra o com\u00e9rcio de ossos de le\u00e3o com a \u00c1sia.<\/p>\n\n\n\n<p>Mas a remo\u00e7\u00e3o acabou sendo questionada na Justi\u00e7a, a pol\u00eamica chamou aten\u00e7\u00e3o da m\u00eddia e os cartazes acabaram circulando em grande rota\u00e7\u00e3o nas redes sociais do pa\u00eds e do exterior. Quando a Suprema Corte sul-africana decidiu que a a\u00e7\u00e3o do governo havia sido inconstitucional, o cartaz j\u00e1 havia tido um alcance muito maior do que teria se n\u00e3o tivesse sido censurado.<\/p>\n\n\n\n<p>Recentemente, a Yandex, a maior empresa de tecnologia &#8211; e o maior servi\u00e7o de buscas &#8211; da R\u00fassia esteve no centro de um caso t\u00edpico. A exemplo do Google Earth, a empresa divulga imagens a\u00e9reas tomadas por sat\u00e9lites.<\/p>\n\n\n\n<p>Quando h\u00e1 \u00e1reas sens\u00edveis &#8211; como instala\u00e7\u00f5es militares &#8211; nas imagens, o Google Earth pode reduzir a resolu\u00e7\u00e3o. J\u00e1 o Yandex, borrou completamente algumas instala\u00e7\u00f5es militares na Turquia e em Israel, chamando mais aten\u00e7\u00e3o para elas em vez de disfar\u00e7\u00e1-las.<\/p>\n\n\n\n<figure class=\"wp-block-image\"><img decoding=\"async\" src=\"https:\/\/ichef.bbci.co.uk\/news\/624\/cpsprodpb\/C4BB\/production\/_108736305_f6cba0fb-4a1a-4576-80e5-88b6921ba7b9.jpg\" alt=\"A comparison between Google Earth and Yandex satellite pictures\"\/><figcaption>Image captionUma compara\u00e7\u00e3o de imagens da base da Otan na Turquia no Google e no Yandex<\/figcaption><\/figure>\n\n\n\n<p>&#8220;O servi\u00e7o da Yandex na verdade acabou revelando sua localiza\u00e7\u00e3o, per\u00edmetro e fun\u00e7\u00e3o&#8221;, diz Matt Korda, pesquisador da Federa\u00e7\u00e3o Americana de Cientistas (FAS, na sigla em ingl\u00eas).<\/p>\n\n\n\n<p>As instala\u00e7\u00f5es inclu\u00edam duas bases importantes da Otan (Organiza\u00e7\u00e3o do Tratado do Atl\u00e2ntico Norte).<\/p>\n\n\n\n<p>&#8220;As a\u00e7\u00f5es da Yandex s\u00e3o um exemplo perfeito do que \u00e9 conhecido como efeito Streisand&#8221;, diz Korda.<\/p>\n\n\n\n<p>E outro exemplo cl\u00e1ssico foi o furor causado, em 2014, pelo filme americano&nbsp;<em>A Entrevista<\/em>, com James Franco e Seth Rogen, uma com\u00e9dia que gira em torno de um plano para assassinar o l\u00edder norte-coreano Kim Jong-un.<\/p>\n\n\n\n<p>No filme, o l\u00edder norte-coreano \u00e9 f\u00e3 de um talk-show com famosos apresentado pelo personagem de Franco. A CIA decide orquestrar uma viagem dos rep\u00f3rteres \u00e0 na\u00e7\u00e3o asi\u00e1tica com o objetivo de assassinar o mandat\u00e1rio.<\/p>\n\n\n\n<p>Antes do lan\u00e7amento, a Coreia do Norte chamou o filme de &#8220;ato de guerra&#8221; e promoveu, segundo o FBI, uma s\u00e9rie de ataques de hackers contra a Sony Pictures, dona do filme, como forma de press\u00e3o para impedir que a pel\u00edcula chegasse \u00e0s salas de cinema. A Sony chegou a suspender o lan\u00e7amento, depois de algumas das principais redes de cinemas dos EUA cancelarem a exibi\u00e7\u00e3o do filme. Elas alegaram ter sofrido amea\u00e7as de hackers norte-coreanos.<\/p>\n\n\n\n<p>O filme foi lan\u00e7ado no final do ano de forma limitada, em poucos cinemas. Mas acabou sendo o filme mais visto em streaming da Sony no ano &#8211; e um dos filmes mais pirateados da hist\u00f3ria. A a\u00e7\u00e3o extrema da Coreia do Norte e o medo que as amea\u00e7as de hackers provocaram nos EUA ati\u00e7aram a curiosidade de pessoas no mundo inteiro para um filme que muitos chamaram de med\u00edocre e sem gra\u00e7a.<\/p>\n\n\n\n<p>E que provavelmente teria passado em brancas nuvens, n\u00e3o fosse o &#8220;efeito Streisand&#8221; engatilhado por Pyongyang.<\/p>\n\n\n\n<p>BBC<\/p>\n","protected":false},"excerpt":{"rendered":"<p>A censura do prefeito do Rio de Janeiro, Marcelo Crivella, \u00e0 HQ&nbsp;Vingadores: a Cruzada das Crian\u00e7as,&nbsp;de 2010, que estava sendo vendida na Bienal do Livro de 2019, gerou uma pol\u00eamica t\u00e3o grande que o livro se esgotou n\u00e3o s\u00f3 na Bienal com em lojas e livrarias. O sucesso acidental gerado pela pol\u00eamica at\u00e9 levou o [&hellip;]<\/p>\n","protected":false},"author":2,"featured_media":19433,"comment_status":"open","ping_status":"open","sticky":false,"template":"","format":"standard","meta":{"advanced_seo_description":"","jetpack_seo_html_title":"","jetpack_seo_noindex":false,"_jetpack_memberships_contains_paid_content":false,"footnotes":""},"categories":[32],"tags":[],"class_list":{"0":"post-19432","1":"post","2":"type-post","3":"status-publish","4":"format-standard","5":"has-post-thumbnail","7":"category-politica"},"jetpack_featured_media_url":"https:\/\/www.paranapraia.com.br\/wp-content\/uploads\/2019\/09\/hqq.jpg","jetpack_sharing_enabled":true,"_links":{"self":[{"href":"https:\/\/www.paranapraia.com.br\/index.php\/wp-json\/wp\/v2\/posts\/19432"}],"collection":[{"href":"https:\/\/www.paranapraia.com.br\/index.php\/wp-json\/wp\/v2\/posts"}],"about":[{"href":"https:\/\/www.paranapraia.com.br\/index.php\/wp-json\/wp\/v2\/types\/post"}],"author":[{"embeddable":true,"href":"https:\/\/www.paranapraia.com.br\/index.php\/wp-json\/wp\/v2\/users\/2"}],"replies":[{"embeddable":true,"href":"https:\/\/www.paranapraia.com.br\/index.php\/wp-json\/wp\/v2\/comments?post=19432"}],"version-history":[{"count":1,"href":"https:\/\/www.paranapraia.com.br\/index.php\/wp-json\/wp\/v2\/posts\/19432\/revisions"}],"predecessor-version":[{"id":19434,"href":"https:\/\/www.paranapraia.com.br\/index.php\/wp-json\/wp\/v2\/posts\/19432\/revisions\/19434"}],"wp:featuredmedia":[{"embeddable":true,"href":"https:\/\/www.paranapraia.com.br\/index.php\/wp-json\/wp\/v2\/media\/19433"}],"wp:attachment":[{"href":"https:\/\/www.paranapraia.com.br\/index.php\/wp-json\/wp\/v2\/media?parent=19432"}],"wp:term":[{"taxonomy":"category","embeddable":true,"href":"https:\/\/www.paranapraia.com.br\/index.php\/wp-json\/wp\/v2\/categories?post=19432"},{"taxonomy":"post_tag","embeddable":true,"href":"https:\/\/www.paranapraia.com.br\/index.php\/wp-json\/wp\/v2\/tags?post=19432"}],"curies":[{"name":"wp","href":"https:\/\/api.w.org\/{rel}","templated":true}]}}