{"id":19429,"date":"2019-09-12T14:53:58","date_gmt":"2019-09-12T17:53:58","guid":{"rendered":"https:\/\/www.paranapraia.com.br\/?p=19429"},"modified":"2019-09-12T14:53:59","modified_gmt":"2019-09-12T17:53:59","slug":"caixa-estende-horario-de-atendimento-nesta-sexta-e-abre-no-sabado","status":"publish","type":"post","link":"https:\/\/www.paranapraia.com.br\/index.php\/2019\/09\/12\/caixa-estende-horario-de-atendimento-nesta-sexta-e-abre-no-sabado\/","title":{"rendered":"Caixa estende hor\u00e1rio de atendimento nesta sexta e abre no s\u00e1bado"},"content":{"rendered":"\n<p>As ag\u00eancias da Caixa Econ\u00f4mica Federal v\u00e3o abrir no pr\u00f3ximo s\u00e1bado 914), das 9h \u00e0s 15h, para libera\u00e7\u00e3o do saque de at\u00e9 R$ 500 em contas do Fundo de Garantia do Tempo de Servi\u00e7o (FGTS).<\/p>\n\n\n\n<p>A Caixa tamb\u00e9m vai trabalhar com hor\u00e1rio estendido por duas horas, na sexta (13), in\u00edcio do saque, e nas pr\u00f3ximas segunda (16) e ter\u00e7a-feiras (17).<\/p>\n\n\n\n<p>Assim, as ag\u00eancias, que normalmente abrem \u00e0s 11h, v\u00e3o iniciar o atendimento \u00e0s 9h. Aquelas que abrem \u00e0s 10h, iniciar\u00e3o os trabalhos \u00e0s 8h e as que abrem \u00e0s 9h, atender\u00e3o a partir das 8h e ter\u00e3o uma hora a mais ao final do expediente. No caso de ag\u00eancias que abrem \u00e0s 8h, ser\u00e3o duas horas a mais ao final do hor\u00e1rio de atendimento.<\/p>\n\n\n\n<p>\u201cVamos avaliar o movimento desses dias para ver se teremos que abrir mais calend\u00e1rios especiais nas semanas seguintes\u201d, disse o vice-presidente de Distribui\u00e7\u00e3o, Atendimento e Neg\u00f3cios da Caixa, Valter Nunes. Ele participou hoje (12) de transmiss\u00e3o no Facebook, juntamente com o presidente da Caixa Econ\u00f4mica Federal, Pedro Guimar\u00e3es, e o vice-presidente de FGTS da Caixa, Paulo Angelo, para tirar d\u00favidas sobre o saque imediato.<\/p>\n\n\n\n<p>Dep\u00f3sito autom\u00e1tico<br>A Caixa inicia amanh\u00e3 (13) o pagamento dos recursos. O banco far\u00e1 o dep\u00f3sito autom\u00e1tico para quem tem conta poupan\u00e7a no banco, seguindo calend\u00e1rio de m\u00eas de nascimento.<\/p>\n\n\n\n<p>Quem nasceu em janeiro, fevereiro, mar\u00e7o e abril recebe primeiro. Os pr\u00f3ximos a ter acesso ao saque s\u00e3o os nascidos em maio, junho, julho e agosto, no dia 27 deste m\u00eas. Em seguida, no dia 9 de outubro, ser\u00e1 a vez os nascidos em setembro, outubro, novembro e dezembro.<\/p>\n\n\n\n<p>Segundo a Caixa, cerca de 33 milh\u00f5es de trabalhadores receber\u00e3o o cr\u00e9dito autom\u00e1tico na conta poupan\u00e7a. Os clientes do banco que n\u00e3o quiserem retirar o dinheiro t\u00eam at\u00e9 30 de abril de 2020 para informar a decis\u00e3o em um dos canais divulgados pela Caixa: site, Internet Banking ou aplicativo no celular.<\/p>\n\n\n\n<p>Os clientes da Caixa que t\u00eam conta corrente podem fazer o pedido de cr\u00e9dito em conta por meio dos canais de atendimento<\/p>\n\n\n\n<p>Para aqueles que n\u00e3o t\u00eam conta poupan\u00e7a na Caixa, aberta at\u00e9 o dia 24 de julho de 2019, ou conta-corrente, o calend\u00e1rio come\u00e7a no dia 18 de outubro, para os nascidos em janeiro, e vai at\u00e9 6 de mar\u00e7o de 2020, para os nascidos em dezembro.<\/p>\n\n\n\n<p>BemParana<\/p>\n","protected":false},"excerpt":{"rendered":"<p>As ag\u00eancias da Caixa Econ\u00f4mica Federal v\u00e3o abrir no pr\u00f3ximo s\u00e1bado 914), das 9h \u00e0s 15h, para libera\u00e7\u00e3o do saque de at\u00e9 R$ 500 em contas do Fundo de Garantia do Tempo de Servi\u00e7o (FGTS). A Caixa tamb\u00e9m vai trabalhar com hor\u00e1rio estendido por duas horas, na sexta (13), in\u00edcio do saque, e nas pr\u00f3ximas [&hellip;]<\/p>\n","protected":false},"author":2,"featured_media":19430,"comment_status":"open","ping_status":"open","sticky":false,"template":"","format":"standard","meta":{"advanced_seo_description":"","jetpack_seo_html_title":"","jetpack_seo_noindex":false,"_jetpack_memberships_contains_paid_content":false,"footnotes":""},"categories":[43],"tags":[],"class_list":{"0":"post-19429","1":"post","2":"type-post","3":"status-publish","4":"format-standard","5":"has-post-thumbnail","7":"category-cotidiano"},"jetpack_featured_media_url":"https:\/\/www.paranapraia.com.br\/wp-content\/uploads\/2019\/09\/caica.jpg","jetpack_sharing_enabled":true,"_links":{"self":[{"href":"https:\/\/www.paranapraia.com.br\/index.php\/wp-json\/wp\/v2\/posts\/19429"}],"collection":[{"href":"https:\/\/www.paranapraia.com.br\/index.php\/wp-json\/wp\/v2\/posts"}],"about":[{"href":"https:\/\/www.paranapraia.com.br\/index.php\/wp-json\/wp\/v2\/types\/post"}],"author":[{"embeddable":true,"href":"https:\/\/www.paranapraia.com.br\/index.php\/wp-json\/wp\/v2\/users\/2"}],"replies":[{"embeddable":true,"href":"https:\/\/www.paranapraia.com.br\/index.php\/wp-json\/wp\/v2\/comments?post=19429"}],"version-history":[{"count":1,"href":"https:\/\/www.paranapraia.com.br\/index.php\/wp-json\/wp\/v2\/posts\/19429\/revisions"}],"predecessor-version":[{"id":19431,"href":"https:\/\/www.paranapraia.com.br\/index.php\/wp-json\/wp\/v2\/posts\/19429\/revisions\/19431"}],"wp:featuredmedia":[{"embeddable":true,"href":"https:\/\/www.paranapraia.com.br\/index.php\/wp-json\/wp\/v2\/media\/19430"}],"wp:attachment":[{"href":"https:\/\/www.paranapraia.com.br\/index.php\/wp-json\/wp\/v2\/media?parent=19429"}],"wp:term":[{"taxonomy":"category","embeddable":true,"href":"https:\/\/www.paranapraia.com.br\/index.php\/wp-json\/wp\/v2\/categories?post=19429"},{"taxonomy":"post_tag","embeddable":true,"href":"https:\/\/www.paranapraia.com.br\/index.php\/wp-json\/wp\/v2\/tags?post=19429"}],"curies":[{"name":"wp","href":"https:\/\/api.w.org\/{rel}","templated":true}]}}