{"id":19390,"date":"2019-09-12T11:01:32","date_gmt":"2019-09-12T14:01:32","guid":{"rendered":"https:\/\/www.paranapraia.com.br\/?p=19390"},"modified":"2019-09-12T11:01:33","modified_gmt":"2019-09-12T14:01:33","slug":"carreta-tomba-na-br-116-e-pista-fica-parcialmente-interditada-motorista-morreu-no-local","status":"publish","type":"post","link":"https:\/\/www.paranapraia.com.br\/index.php\/2019\/09\/12\/carreta-tomba-na-br-116-e-pista-fica-parcialmente-interditada-motorista-morreu-no-local\/","title":{"rendered":"Carreta tomba na BR-116 e pista fica parcialmente interditada; motorista morreu no local"},"content":{"rendered":"\n<p>Uma carreta tombou no quil\u00f4metro 21 da BR-116 (Rodovia R\u00e9gis Bittencourt), em Antonina (PR), por volta das 8 horas, desta quinta-feira (12). O motorista, de 29 anos,\u00a0 morreu no local do acidente.<\/p>\n\n\n\n<p>O caminh\u00e3o transportava acess\u00f3rios automotivos e seguia na pista sentido Curitiba. Como n\u00e3o h\u00e1 nenhuma marca de frenagem no asfalto, uma hip\u00f3tese considerada pela equipe da Popl\u00edcia Rodovi\u00e1ria Federal (PRF), que estava atendendo a ocorr\u00eancia, \u00e9 de que o motorista do caminh\u00e3o tenha cochilado ao volante.<\/p>\n\n\n\n<p>Tamb\u00e9m \u00e9 prov\u00e1vel que ele estivesse sem cinto de seguran\u00e7a, uma vez que o corpo foi jogado para fora da carreta e estava parcialmente esmagado pela cabine. Ap\u00f3s retir\u00e1-lo, a equipe de socorristas tentou reanim\u00e1-lo durante quase meia hora, sem sucesso.<\/p>\n\n\n\n<p>Equipes da PRF e da concession\u00e1ria Arteris estavam no local do acidente. At\u00e9 \u00e0s 10:30 h, uma faixa continuava interditada.<\/p>\n\n\n\n<p>A PRF estava aguardando a chegada da per\u00edcia e do Instituto M\u00e9dico Legal (IML). Apesar da interdi\u00e7\u00e3o parcial, n\u00e3o h\u00e1 fila significativa no local do acidente.<\/p>\n\n\n\n<p>BandaB<\/p>\n\n\n\n<p><br><br><\/p>\n","protected":false},"excerpt":{"rendered":"<p>Uma carreta tombou no quil\u00f4metro 21 da BR-116 (Rodovia R\u00e9gis Bittencourt), em Antonina (PR), por volta das 8 horas, desta quinta-feira (12). O motorista, de 29 anos,\u00a0 morreu no local do acidente. O caminh\u00e3o transportava acess\u00f3rios automotivos e seguia na pista sentido Curitiba. Como n\u00e3o h\u00e1 nenhuma marca de frenagem no asfalto, uma hip\u00f3tese considerada [&hellip;]<\/p>\n","protected":false},"author":2,"featured_media":19391,"comment_status":"open","ping_status":"open","sticky":false,"template":"","format":"standard","meta":{"advanced_seo_description":"","jetpack_seo_html_title":"","jetpack_seo_noindex":false,"_jetpack_memberships_contains_paid_content":false,"footnotes":""},"categories":[52],"tags":[],"class_list":{"0":"post-19390","1":"post","2":"type-post","3":"status-publish","4":"format-standard","5":"has-post-thumbnail","7":"category-acidentes"},"jetpack_featured_media_url":"https:\/\/www.paranapraia.com.br\/wp-content\/uploads\/2019\/09\/carretaa.jpg","jetpack_sharing_enabled":true,"_links":{"self":[{"href":"https:\/\/www.paranapraia.com.br\/index.php\/wp-json\/wp\/v2\/posts\/19390"}],"collection":[{"href":"https:\/\/www.paranapraia.com.br\/index.php\/wp-json\/wp\/v2\/posts"}],"about":[{"href":"https:\/\/www.paranapraia.com.br\/index.php\/wp-json\/wp\/v2\/types\/post"}],"author":[{"embeddable":true,"href":"https:\/\/www.paranapraia.com.br\/index.php\/wp-json\/wp\/v2\/users\/2"}],"replies":[{"embeddable":true,"href":"https:\/\/www.paranapraia.com.br\/index.php\/wp-json\/wp\/v2\/comments?post=19390"}],"version-history":[{"count":1,"href":"https:\/\/www.paranapraia.com.br\/index.php\/wp-json\/wp\/v2\/posts\/19390\/revisions"}],"predecessor-version":[{"id":19392,"href":"https:\/\/www.paranapraia.com.br\/index.php\/wp-json\/wp\/v2\/posts\/19390\/revisions\/19392"}],"wp:featuredmedia":[{"embeddable":true,"href":"https:\/\/www.paranapraia.com.br\/index.php\/wp-json\/wp\/v2\/media\/19391"}],"wp:attachment":[{"href":"https:\/\/www.paranapraia.com.br\/index.php\/wp-json\/wp\/v2\/media?parent=19390"}],"wp:term":[{"taxonomy":"category","embeddable":true,"href":"https:\/\/www.paranapraia.com.br\/index.php\/wp-json\/wp\/v2\/categories?post=19390"},{"taxonomy":"post_tag","embeddable":true,"href":"https:\/\/www.paranapraia.com.br\/index.php\/wp-json\/wp\/v2\/tags?post=19390"}],"curies":[{"name":"wp","href":"https:\/\/api.w.org\/{rel}","templated":true}]}}