{"id":19384,"date":"2019-09-12T10:42:45","date_gmt":"2019-09-12T13:42:45","guid":{"rendered":"https:\/\/www.paranapraia.com.br\/?p=19384"},"modified":"2019-09-12T10:42:46","modified_gmt":"2019-09-12T13:42:46","slug":"acidente-entre-dois-onibus-da-mesma-empresa-deixa-22-feridos-em-curitiba","status":"publish","type":"post","link":"https:\/\/www.paranapraia.com.br\/index.php\/2019\/09\/12\/acidente-entre-dois-onibus-da-mesma-empresa-deixa-22-feridos-em-curitiba\/","title":{"rendered":"Acidente entre dois \u00f4nibus da mesma empresa deixa 22 feridos em Curitiba"},"content":{"rendered":"\n<h4 class=\"wp-block-heading\">Devido ao acidente, o tr\u00e2nsito apresentou lentid\u00e3o na pista sentido Curitiba<\/h4>\n\n\n\n<p>Um grave acidente entre\u00a0<strong>dois \u00f4nibus<\/strong>\u00a0com funcion\u00e1rios da Electrolux deixou 22 feridos na Rua Comendador Franco, a Av. das Torres, no\u00a0<strong>bairro Jardim das Am\u00e9ricas,<\/strong>\u00a0em Curitiba. A colis\u00e3o traseira aconteceu no in\u00edcio da manh\u00e3 desta quinta-feira (12), na pista sentido Centro, no momento em que os ve\u00edculos levavam os trabalhadores<strong>\u00a0para a empresa.<\/strong><\/p>\n\n\n\n<p>m \u00f4nibus realizaria a convers\u00e3o para a pista contr\u00e1ria e o outro, que faria a mesma manobra, por algum motivo n\u00e3o consegui frear e bateu na traseira. \u201cEu estava parado para fazer a convers\u00e3o e s\u00f3 senti o impacto. Foi muito r\u00e1pido tudo, um grande susto\u201d, contou.<\/p>\n\n\n\n<p>Um passageiro do mesmo \u00f4nibus contou que foi um susto grande, j\u00e1 que a maioria dos passageiros dormia dentro do ve\u00edculo. \u201cFoi uma pancada muito forte. A gente ia para a mesma empresa, que \u00e9 a Electrolux. Eu tive um corte pequeno, mas outras pessoas machucaram mais feio\u201d, relatou.<\/p>\n\n\n\n<h1 class=\"wp-block-heading\"><strong>22 feridos<\/strong><\/h1>\n\n\n\n<p>De acordo com o sargento C\u00e9sar, do Corpo de Bombeiros, foram 22 v\u00edtimas com ferimentos leves e moderados. \u201cNenhuma v\u00edtima grave aqui no local do acidente. A maioria sofreu ferimento em rosto, porque dormia no momento em que a colis\u00e3o aconteceu. Foram encaminhados para hospitais de Curitiba\u201d, destacou.<\/p>\n\n\n\n<p>Devido ao acidente, o tr\u00e2nsito apresentou lentid\u00e3o na pista sentido Curitiba, com intenso congestionamento que, por volta das 7h30, j\u00e1 chegava a S\u00e3o Jos\u00e9 dos Pinhais.<\/p>\n\n\n\n<p>BandaB<\/p>\n\n\n\n<p><br><\/p>\n","protected":false},"excerpt":{"rendered":"<p>Devido ao acidente, o tr\u00e2nsito apresentou lentid\u00e3o na pista sentido Curitiba Um grave acidente entre\u00a0dois \u00f4nibus\u00a0com funcion\u00e1rios da Electrolux deixou 22 feridos na Rua Comendador Franco, a Av. das Torres, no\u00a0bairro Jardim das Am\u00e9ricas,\u00a0em Curitiba. A colis\u00e3o traseira aconteceu no in\u00edcio da manh\u00e3 desta quinta-feira (12), na pista sentido Centro, no momento em que os [&hellip;]<\/p>\n","protected":false},"author":2,"featured_media":19385,"comment_status":"open","ping_status":"open","sticky":false,"template":"","format":"standard","meta":{"advanced_seo_description":"","jetpack_seo_html_title":"","jetpack_seo_noindex":false,"_jetpack_memberships_contains_paid_content":false,"footnotes":""},"categories":[52],"tags":[],"class_list":{"0":"post-19384","1":"post","2":"type-post","3":"status-publish","4":"format-standard","5":"has-post-thumbnail","7":"category-acidentes"},"jetpack_featured_media_url":"https:\/\/www.paranapraia.com.br\/wp-content\/uploads\/2019\/09\/vishee.jpeg","jetpack_sharing_enabled":true,"_links":{"self":[{"href":"https:\/\/www.paranapraia.com.br\/index.php\/wp-json\/wp\/v2\/posts\/19384"}],"collection":[{"href":"https:\/\/www.paranapraia.com.br\/index.php\/wp-json\/wp\/v2\/posts"}],"about":[{"href":"https:\/\/www.paranapraia.com.br\/index.php\/wp-json\/wp\/v2\/types\/post"}],"author":[{"embeddable":true,"href":"https:\/\/www.paranapraia.com.br\/index.php\/wp-json\/wp\/v2\/users\/2"}],"replies":[{"embeddable":true,"href":"https:\/\/www.paranapraia.com.br\/index.php\/wp-json\/wp\/v2\/comments?post=19384"}],"version-history":[{"count":1,"href":"https:\/\/www.paranapraia.com.br\/index.php\/wp-json\/wp\/v2\/posts\/19384\/revisions"}],"predecessor-version":[{"id":19386,"href":"https:\/\/www.paranapraia.com.br\/index.php\/wp-json\/wp\/v2\/posts\/19384\/revisions\/19386"}],"wp:featuredmedia":[{"embeddable":true,"href":"https:\/\/www.paranapraia.com.br\/index.php\/wp-json\/wp\/v2\/media\/19385"}],"wp:attachment":[{"href":"https:\/\/www.paranapraia.com.br\/index.php\/wp-json\/wp\/v2\/media?parent=19384"}],"wp:term":[{"taxonomy":"category","embeddable":true,"href":"https:\/\/www.paranapraia.com.br\/index.php\/wp-json\/wp\/v2\/categories?post=19384"},{"taxonomy":"post_tag","embeddable":true,"href":"https:\/\/www.paranapraia.com.br\/index.php\/wp-json\/wp\/v2\/tags?post=19384"}],"curies":[{"name":"wp","href":"https:\/\/api.w.org\/{rel}","templated":true}]}}