{"id":19381,"date":"2019-09-12T10:38:35","date_gmt":"2019-09-12T13:38:35","guid":{"rendered":"https:\/\/www.paranapraia.com.br\/?p=19381"},"modified":"2019-09-12T10:38:36","modified_gmt":"2019-09-12T13:38:36","slug":"insonia-entenda-a-gravidade-e-como-combater","status":"publish","type":"post","link":"https:\/\/www.paranapraia.com.br\/index.php\/2019\/09\/12\/insonia-entenda-a-gravidade-e-como-combater\/","title":{"rendered":"Ins\u00f4nia: entenda a gravidade e como combater"},"content":{"rendered":"\n<h4 class=\"wp-block-heading\">Dist\u00farbio do sono compromete a qualidade de vida e pode desencadear outros problemas de sa\u00fade em longo prazo<\/h4>\n\n\n\n<p>O dia mal come\u00e7ou e voc\u00ea j\u00e1 se sente esgotado, sem um pingo de energia ou disposi\u00e7\u00e3o para concluir tarefas simples da rotina? Se este tipo de cena \u00e9 comum na sua vida, aten\u00e7\u00e3o: voc\u00ea pode ser um dos muitos brasileiros diagnosticados com\u00a0ins\u00f4nia. De acordo com a Associa\u00e7\u00e3o Brasileira do Sono, 73 milh\u00f5es de brasileiros sofrem com esse dist\u00farbio, que prejudica muitos aspectos diferentes da sa\u00fade.<\/p>\n\n\n\n<p>Mas afinal, o que \u00e9 a ins\u00f4nia? Trata-se da dificuldade em iniciar o\u00a0sono\u00a0ou se manter dormindo ao longo da noite, sem interrup\u00e7\u00f5es. \u00c9 claro que, em algum momento da vida, podemos sentir essa dificuldade para pegar no sono; a ins\u00f4nia, no entanto, \u00e9 um dist\u00farbio persistente, n\u00e3o s\u00f3 um fato isolado e passageiro. Por isso, ao sentir que as noites mal dormidas t\u00eam se tornado um padr\u00e3o, \u00e9 preciso buscar aux\u00edlio m\u00e9dico especializado ou relatar o problema ao m\u00e9dico de confian\u00e7a.<\/p>\n\n\n\n<p>Este ponto, ali\u00e1s, \u00e9 fundamental: n\u00e3o se automedique e nem comece um tratamento para a ins\u00f4nia por conta pr\u00f3pria. O tratamento deve englobar tamb\u00e9m as causas da ins\u00f4nia, n\u00e3o s\u00f3 a dificuldade para dormir, e precisa ser supervisionado pelo seu m\u00e9dico.<\/p>\n\n\n\n<p>Se voc\u00ea sente que n\u00e3o est\u00e1 conseguindo descansar tanto quanto deveria, talvez seja hora de investigar o problema. No site&nbsp;<strong>Feche os Olhos<\/strong>, voc\u00ea pode responder a um quiz que o ajudar\u00e1 a avaliar a qualidade do seu sono.&nbsp;<a href=\"http:\/\/fecheosolhos.com.br\/ems-insonia\/app\/index.html\" target=\"_blank\" rel=\"noreferrer noopener\">Clique aqui<\/a>&nbsp;e conhe\u00e7a mais.<\/p>\n\n\n\n<h2 class=\"wp-block-heading\">Causas e consequ\u00eancias da ins\u00f4nia<\/h2>\n\n\n\n<p>A ins\u00f4nia afeta muitos aspectos diferentes da vida, do conv\u00edvio social at\u00e9 a performance no trabalho, diminuindo drasticamente a qualidade de vida. Por isso, ignorar essa dificuldade persistente em dormir n\u00e3o \u00e9 a melhor sa\u00edda, muito menos utilizar qualquer medicamento sem a devida orienta\u00e7\u00e3o de um m\u00e9dico. Antes, \u00e9 preciso entender o que est\u00e1 causando a sua ins\u00f4nia, para agir, de fato, no foco do problema e prevenir algumas consequ\u00eancias.<\/p>\n\n\n\n<p>Esse\u00a0dist\u00farbio do sono\u00a0pode ser o problema principal ou estar relacionado a outras condi\u00e7\u00f5es de sa\u00fade. Normalmente, a ins\u00f4nia tem bastante conex\u00e3o com: estresse e eventos traum\u00e1ticos, como a perda de um ente querido, desemprego ou o div\u00f3rcio; h\u00e1bitos &#8211; de vida e de sono &#8211; inadequados; uso de medicamentos, como alguns antidepressivos e rem\u00e9dios para controle da press\u00e3o arterial; transtornos mentais, como ansiedade e depress\u00e3o; uso de \u00e1lcool, nicotina e caf\u00e9; entre outros.<\/p>\n\n\n\n<p>O grande problema \u00e9 que a ins\u00f4nia realmente \u00e9 capaz de trazer complica\u00e7\u00f5es graves para a sa\u00fade, de forma geral. Al\u00e9m da sensa\u00e7\u00e3o de cansa\u00e7o e esgotamento durante o dia, a condi\u00e7\u00e3o pode comprometer o desempenho no trabalho ou nos estudos; aumentar o risco de acidentes carro, j\u00e1 que concentra\u00e7\u00e3o, reflexo e aten\u00e7\u00e3o ao dirigir diminuem; estimular ou agravar quadros de ansiedade e depress\u00e3o; e aumentar o risco de doen\u00e7as cr\u00f4nicas, como hipertens\u00e3o e doen\u00e7as card\u00edacas; irritabilidade e outras complica\u00e7\u00f5es.<\/p>\n\n\n\n<h2 class=\"wp-block-heading\">Como lidar com a ins\u00f4nia<\/h2>\n\n\n\n<p>A melhor forma de lidar com a ins\u00f4nia \u00e9 com a associa\u00e7\u00e3o de tratamentos, de acordo com a orienta\u00e7\u00e3o de um especialista. Al\u00e9m do medicamentoso, ele poder\u00e1 sugerir algumas mudan\u00e7as no estilo de vida que afetam diretamente a qualidade do sono &#8211; e que nem sempre nos damos conta. Uma delas \u00e9 investir na chamada &#8220;higiene do sono&#8221;, uma interven\u00e7\u00e3o psicoeducacional que ensina a evitar fatores externos ou ambientais que prejudicam o sono.<\/p>\n\n\n\n<p>No site&nbsp;<a rel=\"noreferrer noopener\" href=\"http:\/\/fecheosolhos.com.br\/ems-insonia\/app\/index.html\" target=\"_blank\">Feche os Olhos<\/a>, voc\u00ea pode ler algumas dicas para melhorar os seus h\u00e1bitos de sono e, dessa forma, descansar com mais qualidade, favorecendo o sono reparador. Abaixo, um resumo do que \u00e9 higiene do sono e como adot\u00e1-la no dia a dia para evitar a ins\u00f4nia:<\/p>\n\n\n\n<ul class=\"wp-block-list\"><li>Tente dormir e acordar sempre no mesmo hor\u00e1rio<\/li><li>Pratique algum exerc\u00edcio f\u00edsico regularmente, 2h ou 3h antes de dormir<\/li><li>Crie um ambiente relaxante para dormir, sem claridade ou eletr\u00f4nicos<\/li><li>\u00c0 noite, evite caf\u00e9 e bebidas estimulantes. Prefira ch\u00e1s calmantes<\/li><li>Fa\u00e7a refei\u00e7\u00f5es leves \u00e0 noite, para n\u00e3o sentir indigest\u00e3o e mal-estar<\/li><li>Evite cochilar ao longo do dia e s\u00f3 v\u00e1 para a cama na hora de dormir.<\/li><\/ul>\n\n\n\n<p>H\u00e1bitos como estes e outros cuidados complementares com a sa\u00fade, como evitar \u00e1lcool e cigarros, t\u00eam um efeito muito positivo na qualidade do sono e, consequentemente, no tratamento da ins\u00f4nia. Lembre-se: o dist\u00farbio do sono, apesar de grave, tem tratamento. Voc\u00ea pode dormir mais e melhor, basta buscar a ajuda de um m\u00e9dico e come\u00e7ar a mudar hoje mesmo. Acesse\u00a0Feche seus Olhos\u00a0e saiba como.<\/p>\n\n\n\n<p>MinhaVida<\/p>\n","protected":false},"excerpt":{"rendered":"<p>Dist\u00farbio do sono compromete a qualidade de vida e pode desencadear outros problemas de sa\u00fade em longo prazo O dia mal come\u00e7ou e voc\u00ea j\u00e1 se sente esgotado, sem um pingo de energia ou disposi\u00e7\u00e3o para concluir tarefas simples da rotina? Se este tipo de cena \u00e9 comum na sua vida, aten\u00e7\u00e3o: voc\u00ea pode ser [&hellip;]<\/p>\n","protected":false},"author":2,"featured_media":19382,"comment_status":"open","ping_status":"open","sticky":false,"template":"","format":"standard","meta":{"advanced_seo_description":"","jetpack_seo_html_title":"","jetpack_seo_noindex":false,"_jetpack_memberships_contains_paid_content":false,"footnotes":""},"categories":[1],"tags":[],"class_list":{"0":"post-19381","1":"post","2":"type-post","3":"status-publish","4":"format-standard","5":"has-post-thumbnail","7":"category-sem-categoria"},"jetpack_featured_media_url":"https:\/\/www.paranapraia.com.br\/wp-content\/uploads\/2019\/09\/insonia-1-696x348.jpg","jetpack_sharing_enabled":true,"_links":{"self":[{"href":"https:\/\/www.paranapraia.com.br\/index.php\/wp-json\/wp\/v2\/posts\/19381"}],"collection":[{"href":"https:\/\/www.paranapraia.com.br\/index.php\/wp-json\/wp\/v2\/posts"}],"about":[{"href":"https:\/\/www.paranapraia.com.br\/index.php\/wp-json\/wp\/v2\/types\/post"}],"author":[{"embeddable":true,"href":"https:\/\/www.paranapraia.com.br\/index.php\/wp-json\/wp\/v2\/users\/2"}],"replies":[{"embeddable":true,"href":"https:\/\/www.paranapraia.com.br\/index.php\/wp-json\/wp\/v2\/comments?post=19381"}],"version-history":[{"count":1,"href":"https:\/\/www.paranapraia.com.br\/index.php\/wp-json\/wp\/v2\/posts\/19381\/revisions"}],"predecessor-version":[{"id":19383,"href":"https:\/\/www.paranapraia.com.br\/index.php\/wp-json\/wp\/v2\/posts\/19381\/revisions\/19383"}],"wp:featuredmedia":[{"embeddable":true,"href":"https:\/\/www.paranapraia.com.br\/index.php\/wp-json\/wp\/v2\/media\/19382"}],"wp:attachment":[{"href":"https:\/\/www.paranapraia.com.br\/index.php\/wp-json\/wp\/v2\/media?parent=19381"}],"wp:term":[{"taxonomy":"category","embeddable":true,"href":"https:\/\/www.paranapraia.com.br\/index.php\/wp-json\/wp\/v2\/categories?post=19381"},{"taxonomy":"post_tag","embeddable":true,"href":"https:\/\/www.paranapraia.com.br\/index.php\/wp-json\/wp\/v2\/tags?post=19381"}],"curies":[{"name":"wp","href":"https:\/\/api.w.org\/{rel}","templated":true}]}}