{"id":18823,"date":"2019-09-03T10:50:30","date_gmt":"2019-09-03T13:50:30","guid":{"rendered":"https:\/\/www.paranapraia.com.br\/?p=18823"},"modified":"2019-09-03T10:50:30","modified_gmt":"2019-09-03T13:50:30","slug":"chuva-chega-de-fininho-e-segue-ao-longo-de-terca-feira-em-curitiba","status":"publish","type":"post","link":"https:\/\/www.paranapraia.com.br\/index.php\/2019\/09\/03\/chuva-chega-de-fininho-e-segue-ao-longo-de-terca-feira-em-curitiba\/","title":{"rendered":"Chuva chega de fininho e segue ao longo de ter\u00e7a-feira em Curitiba"},"content":{"rendered":"\n<p>chuva que chegou de fininho na noite de segunda-feira (2) deve durar o dia todo nesta ter\u00e7a-feira (3) em&nbsp;<strong>Curitiba<\/strong>. Causada por uma nova frente fria que chega na regi\u00e3o, a previs\u00e3o n\u00e3o \u00e9 de temporais, j\u00e1 que as temperaturas n\u00e3o est\u00e3o altas. O dia come\u00e7ou com 11\u00b0C e n\u00e3o deve passar dos 15\u00b0C, \u00edndice previsto para o in\u00edcio da tarde.<\/p>\n\n\n\n<p>O tempo chuvoso deve voltar por conta de uma nova frente fria que avan\u00e7a pelo oceano em todo o Sul do Brasil e que atinge Curitiba. \u201cO tempo deve ficar com chuva e garoa durante todo o dia, mas sem temporais\u201d, explica o meteorologista do Simepar, Samuel Braun.<\/p>\n\n\n\n<h2 class=\"wp-block-heading\">Como fica o tempo no litoral e interior?<\/h2>\n\n\n\n<p>O litoral n\u00e3o deve ser diferente da capital paranaense. A chuva permanece durante o dia todo nas praias e mant\u00eam as temperaturas dos \u00faltimos dias. Em Guaratuba e Matinhos, a m\u00ednima \u00e9 de 15\u00b0C e m\u00e1xima de 19\u00b0C.<\/p>\n\n\n\n<p>No interior do estado, somente cidades dos Campo Gerais, como Ponta Grossa, Castro e outras, ter\u00e3o chuva. Em Cascavel, no Oeste, n\u00e3o deve chover na ter\u00e7a. O dia ter\u00e1 sol entre nuvens e as temperaturas ficam entre 11\u00b0C e 18\u00b0C.<\/p>\n\n\n\n<p>TribunaPr<\/p>\n","protected":false},"excerpt":{"rendered":"<p>chuva que chegou de fininho na noite de segunda-feira (2) deve durar o dia todo nesta ter\u00e7a-feira (3) em&nbsp;Curitiba. Causada por uma nova frente fria que chega na regi\u00e3o, a previs\u00e3o n\u00e3o \u00e9 de temporais, j\u00e1 que as temperaturas n\u00e3o est\u00e3o altas. O dia come\u00e7ou com 11\u00b0C e n\u00e3o deve passar dos 15\u00b0C, \u00edndice previsto [&hellip;]<\/p>\n","protected":false},"author":2,"featured_media":18824,"comment_status":"open","ping_status":"open","sticky":false,"template":"","format":"standard","meta":{"advanced_seo_description":"","jetpack_seo_html_title":"","jetpack_seo_noindex":false,"_jetpack_memberships_contains_paid_content":false,"footnotes":""},"categories":[42],"tags":[],"class_list":{"0":"post-18823","1":"post","2":"type-post","3":"status-publish","4":"format-standard","5":"has-post-thumbnail","7":"category-cidades"},"jetpack_featured_media_url":"https:\/\/www.paranapraia.com.br\/wp-content\/uploads\/2019\/09\/curitss.jpg","jetpack_sharing_enabled":true,"_links":{"self":[{"href":"https:\/\/www.paranapraia.com.br\/index.php\/wp-json\/wp\/v2\/posts\/18823"}],"collection":[{"href":"https:\/\/www.paranapraia.com.br\/index.php\/wp-json\/wp\/v2\/posts"}],"about":[{"href":"https:\/\/www.paranapraia.com.br\/index.php\/wp-json\/wp\/v2\/types\/post"}],"author":[{"embeddable":true,"href":"https:\/\/www.paranapraia.com.br\/index.php\/wp-json\/wp\/v2\/users\/2"}],"replies":[{"embeddable":true,"href":"https:\/\/www.paranapraia.com.br\/index.php\/wp-json\/wp\/v2\/comments?post=18823"}],"version-history":[{"count":1,"href":"https:\/\/www.paranapraia.com.br\/index.php\/wp-json\/wp\/v2\/posts\/18823\/revisions"}],"predecessor-version":[{"id":18825,"href":"https:\/\/www.paranapraia.com.br\/index.php\/wp-json\/wp\/v2\/posts\/18823\/revisions\/18825"}],"wp:featuredmedia":[{"embeddable":true,"href":"https:\/\/www.paranapraia.com.br\/index.php\/wp-json\/wp\/v2\/media\/18824"}],"wp:attachment":[{"href":"https:\/\/www.paranapraia.com.br\/index.php\/wp-json\/wp\/v2\/media?parent=18823"}],"wp:term":[{"taxonomy":"category","embeddable":true,"href":"https:\/\/www.paranapraia.com.br\/index.php\/wp-json\/wp\/v2\/categories?post=18823"},{"taxonomy":"post_tag","embeddable":true,"href":"https:\/\/www.paranapraia.com.br\/index.php\/wp-json\/wp\/v2\/tags?post=18823"}],"curies":[{"name":"wp","href":"https:\/\/api.w.org\/{rel}","templated":true}]}}