{"id":18811,"date":"2019-09-03T09:54:46","date_gmt":"2019-09-03T12:54:46","guid":{"rendered":"https:\/\/www.paranapraia.com.br\/?p=18811"},"modified":"2019-09-03T09:54:48","modified_gmt":"2019-09-03T12:54:48","slug":"mulher-que-teve-imagem-usada-indevidamente-em-campanha-sera-indenizada","status":"publish","type":"post","link":"https:\/\/www.paranapraia.com.br\/index.php\/2019\/09\/03\/mulher-que-teve-imagem-usada-indevidamente-em-campanha-sera-indenizada\/","title":{"rendered":"Mulher que teve imagem usada indevidamente em campanha ser\u00e1 indenizada"},"content":{"rendered":"\n<p>Uma cuidadora de idosos, moradora de Maring\u00e1, processou\u00a0<strong>Silvio Barros e o PP (Partido Progressista<\/strong>) por viola\u00e7\u00e3o ao direito \u00e0 imagem e \u00e0 honra. Ela pediu indeniza\u00e7\u00e3o por danos morais, pois, durante a campanha eleitoral de 2016 \u00e0 prefeitura municipal, uma foto publicada pela autora em sua p\u00e1gina do Facebook foi utilizada nos<strong>\u00a0materiais impressos e<\/strong>\u00a0audiovisuais de divulga\u00e7\u00e3o do candidato.<\/p>\n\n\n\n<p>A imagem era uma selfie da mulher com dois pol\u00edticos rivais de Barros. Os materiais da campanha mencionavam que ela seria simpatizante do PT (Partido dos Trabalhadores). O print continha o nome mulher, que teve sua p\u00e1gina na rede social invadida por estranhos.<\/p>\n\n\n\n<p>Devido ao recebimento de mensagens hostis, ela se viu obrigada a bloquear todo o conte\u00fado compartilhado com amigos. Al\u00e9m do aborrecimento no meio virtual, a autora do processo relatou que, com a exposi\u00e7\u00e3o n\u00e3o autorizada da sua imagem, conhecidos passaram a ridiculariz\u00e1-la e a humilh\u00e1-la, o que ocasionou um grande esgotamento f\u00edsico e mental.<\/p>\n\n\n\n<p>Em 1\u00aa inst\u00e2ncia, o juiz destacou que a autora \u2013 que n\u00e3o exerce atividade pol\u00edtico-partid\u00e1ria \u2013 sofreu expressivo sofrimento devido ao uso indevido da imagem. Os r\u00e9us foram condenados a pagar R$ 5 mil.<\/p>\n\n\n\n<p>Os dois polos da a\u00e7\u00e3o recorreram \u2013 de um lado, a autora pedia a majora\u00e7\u00e3o da indeniza\u00e7\u00e3o. De outro, o candidato e o partido pleiteavam a improced\u00eancia dos pedidos. Ao analisar a quest\u00e3o, a 8\u00aa C\u00e2mara C\u00edvel do TJ-PR (Tribunal de Justi\u00e7a do Paran\u00e1), por unanimidade, aumentou o valor da compensa\u00e7\u00e3o devida por danos morais para R$ 15 mil.<\/p>\n\n\n\n<p>BandaB<\/p>\n\n\n\n<p><br><\/p>\n","protected":false},"excerpt":{"rendered":"<p>Uma cuidadora de idosos, moradora de Maring\u00e1, processou\u00a0Silvio Barros e o PP (Partido Progressista) por viola\u00e7\u00e3o ao direito \u00e0 imagem e \u00e0 honra. Ela pediu indeniza\u00e7\u00e3o por danos morais, pois, durante a campanha eleitoral de 2016 \u00e0 prefeitura municipal, uma foto publicada pela autora em sua p\u00e1gina do Facebook foi utilizada nos\u00a0materiais impressos e\u00a0audiovisuais de [&hellip;]<\/p>\n","protected":false},"author":2,"featured_media":18812,"comment_status":"open","ping_status":"open","sticky":false,"template":"","format":"standard","meta":{"advanced_seo_description":"","jetpack_seo_html_title":"","jetpack_seo_noindex":false,"_jetpack_memberships_contains_paid_content":false,"footnotes":""},"categories":[1],"tags":[],"class_list":{"0":"post-18811","1":"post","2":"type-post","3":"status-publish","4":"format-standard","5":"has-post-thumbnail","7":"category-sem-categoria"},"jetpack_featured_media_url":"https:\/\/www.paranapraia.com.br\/wp-content\/uploads\/2019\/09\/tribun.jpg","jetpack_sharing_enabled":true,"_links":{"self":[{"href":"https:\/\/www.paranapraia.com.br\/index.php\/wp-json\/wp\/v2\/posts\/18811"}],"collection":[{"href":"https:\/\/www.paranapraia.com.br\/index.php\/wp-json\/wp\/v2\/posts"}],"about":[{"href":"https:\/\/www.paranapraia.com.br\/index.php\/wp-json\/wp\/v2\/types\/post"}],"author":[{"embeddable":true,"href":"https:\/\/www.paranapraia.com.br\/index.php\/wp-json\/wp\/v2\/users\/2"}],"replies":[{"embeddable":true,"href":"https:\/\/www.paranapraia.com.br\/index.php\/wp-json\/wp\/v2\/comments?post=18811"}],"version-history":[{"count":1,"href":"https:\/\/www.paranapraia.com.br\/index.php\/wp-json\/wp\/v2\/posts\/18811\/revisions"}],"predecessor-version":[{"id":18813,"href":"https:\/\/www.paranapraia.com.br\/index.php\/wp-json\/wp\/v2\/posts\/18811\/revisions\/18813"}],"wp:featuredmedia":[{"embeddable":true,"href":"https:\/\/www.paranapraia.com.br\/index.php\/wp-json\/wp\/v2\/media\/18812"}],"wp:attachment":[{"href":"https:\/\/www.paranapraia.com.br\/index.php\/wp-json\/wp\/v2\/media?parent=18811"}],"wp:term":[{"taxonomy":"category","embeddable":true,"href":"https:\/\/www.paranapraia.com.br\/index.php\/wp-json\/wp\/v2\/categories?post=18811"},{"taxonomy":"post_tag","embeddable":true,"href":"https:\/\/www.paranapraia.com.br\/index.php\/wp-json\/wp\/v2\/tags?post=18811"}],"curies":[{"name":"wp","href":"https:\/\/api.w.org\/{rel}","templated":true}]}}