{"id":18808,"date":"2019-09-03T09:52:26","date_gmt":"2019-09-03T12:52:26","guid":{"rendered":"https:\/\/www.paranapraia.com.br\/?p=18808"},"modified":"2019-09-03T09:52:27","modified_gmt":"2019-09-03T12:52:27","slug":"funcionario-da-copel-e-socorrido-em-estado-grave-apos-batida-contra-onibus-em-curitiba","status":"publish","type":"post","link":"https:\/\/www.paranapraia.com.br\/index.php\/2019\/09\/03\/funcionario-da-copel-e-socorrido-em-estado-grave-apos-batida-contra-onibus-em-curitiba\/","title":{"rendered":"Funcion\u00e1rio da Copel \u00e9 socorrido em estado grave ap\u00f3s batida contra \u00f4nibus em Curitiba"},"content":{"rendered":"\n<h4 class=\"wp-block-heading\">A colis\u00e3o aconteceu no cruzamento da Rua Curupatis com a Bocai\u00fava, no bairro Santa Quit\u00e9ria<\/h4>\n\n\n\n<p>Um funcion\u00e1rio da Copel, de 50 anos, foi socorrido em\u00a0<strong>estado grave<\/strong>\u00a0ap\u00f3s a batida de um carro contra um \u00f4nibus ligeirinho na manh\u00e3 desta<strong>\u00a0ter\u00e7a-feira (3).<\/strong>\u00a0A colis\u00e3o aconteceu no cruzamento da Rua Curupatis com a Bocai\u00fava, no bairro Santa Quit\u00e9ria, em Curitiba. O coletivo estava cheio de passageiros, mas nele n\u00e3o houve feridos.<\/p>\n\n\n\n<p>O motorista do \u00f4nibus, Lourival de Andrade, disse que o motorista do carro teria furado o sinal vermelho. \u201cEu ia sentido Fazendinha e, de repente, o carro surgiu do nada e n\u00e3o tive o que fazer. O ve\u00edculo foi arrastado por alguns metros, porque n\u00e3o deu tempo de frear antes\u201d, contou.<\/p>\n\n\n\n<p>O condutor do carro foi socorrido em estado grave ao hospital. \u201cAqui foi uma colis\u00e3o lateral. O Corsa teria furado o sinal e veio em dire\u00e7\u00e3o ao \u00f4nibus. O motorista sofreu les\u00f5es graves pelo corpo e foi necess\u00e1rio acionamento m\u00e9dico. \u00c9 uma v\u00edtima inconsciente e que estava com um crach\u00e1 de funcion\u00e1rio da Copel\u201d, descreveu a tenente Priscila, que prestou o atendimento no local.<\/p>\n\n\n\n<p>A v\u00edtima ferida foi socorrida ao Hospital do Trabalhador. O tr\u00e2nsito na regi\u00e3o apresentou lentid\u00e3o e bloqueio no cruzamento devido ao acidente.<\/p>\n\n\n\n<p>BandaB<\/p>\n\n\n\n<p><br><\/p>\n","protected":false},"excerpt":{"rendered":"<p>A colis\u00e3o aconteceu no cruzamento da Rua Curupatis com a Bocai\u00fava, no bairro Santa Quit\u00e9ria Um funcion\u00e1rio da Copel, de 50 anos, foi socorrido em\u00a0estado grave\u00a0ap\u00f3s a batida de um carro contra um \u00f4nibus ligeirinho na manh\u00e3 desta\u00a0ter\u00e7a-feira (3).\u00a0A colis\u00e3o aconteceu no cruzamento da Rua Curupatis com a Bocai\u00fava, no bairro Santa Quit\u00e9ria, em Curitiba. [&hellip;]<\/p>\n","protected":false},"author":2,"featured_media":18809,"comment_status":"open","ping_status":"open","sticky":false,"template":"","format":"standard","meta":{"advanced_seo_description":"","jetpack_seo_html_title":"","jetpack_seo_noindex":false,"_jetpack_memberships_contains_paid_content":false,"footnotes":""},"categories":[52],"tags":[],"class_list":{"0":"post-18808","1":"post","2":"type-post","3":"status-publish","4":"format-standard","5":"has-post-thumbnail","7":"category-acidentes"},"jetpack_featured_media_url":"https:\/\/www.paranapraia.com.br\/wp-content\/uploads\/2019\/09\/an16.jpeg","jetpack_sharing_enabled":true,"_links":{"self":[{"href":"https:\/\/www.paranapraia.com.br\/index.php\/wp-json\/wp\/v2\/posts\/18808"}],"collection":[{"href":"https:\/\/www.paranapraia.com.br\/index.php\/wp-json\/wp\/v2\/posts"}],"about":[{"href":"https:\/\/www.paranapraia.com.br\/index.php\/wp-json\/wp\/v2\/types\/post"}],"author":[{"embeddable":true,"href":"https:\/\/www.paranapraia.com.br\/index.php\/wp-json\/wp\/v2\/users\/2"}],"replies":[{"embeddable":true,"href":"https:\/\/www.paranapraia.com.br\/index.php\/wp-json\/wp\/v2\/comments?post=18808"}],"version-history":[{"count":1,"href":"https:\/\/www.paranapraia.com.br\/index.php\/wp-json\/wp\/v2\/posts\/18808\/revisions"}],"predecessor-version":[{"id":18810,"href":"https:\/\/www.paranapraia.com.br\/index.php\/wp-json\/wp\/v2\/posts\/18808\/revisions\/18810"}],"wp:featuredmedia":[{"embeddable":true,"href":"https:\/\/www.paranapraia.com.br\/index.php\/wp-json\/wp\/v2\/media\/18809"}],"wp:attachment":[{"href":"https:\/\/www.paranapraia.com.br\/index.php\/wp-json\/wp\/v2\/media?parent=18808"}],"wp:term":[{"taxonomy":"category","embeddable":true,"href":"https:\/\/www.paranapraia.com.br\/index.php\/wp-json\/wp\/v2\/categories?post=18808"},{"taxonomy":"post_tag","embeddable":true,"href":"https:\/\/www.paranapraia.com.br\/index.php\/wp-json\/wp\/v2\/tags?post=18808"}],"curies":[{"name":"wp","href":"https:\/\/api.w.org\/{rel}","templated":true}]}}