{"id":18805,"date":"2019-09-03T09:50:24","date_gmt":"2019-09-03T12:50:24","guid":{"rendered":"https:\/\/www.paranapraia.com.br\/?p=18805"},"modified":"2019-09-03T09:50:26","modified_gmt":"2019-09-03T12:50:26","slug":"tce-pr-suspende-licitacao-para-contratacao-de-profissionais-em-ivate","status":"publish","type":"post","link":"https:\/\/www.paranapraia.com.br\/index.php\/2019\/09\/03\/tce-pr-suspende-licitacao-para-contratacao-de-profissionais-em-ivate\/","title":{"rendered":"TCE-PR suspende licita\u00e7\u00e3o para contrata\u00e7\u00e3o de profissionais em Ivat\u00e9"},"content":{"rendered":"\n<p>Est\u00e1 suspenso o Preg\u00e3o Presencial n\u00ba 60\/2019, lan\u00e7ado pela Prefeitura de Ivat\u00e9. A decis\u00e3o foi tomada de forma cautelar pelo Tribunal de Contas do Estado do Paran\u00e1 (TCE-PR). A licita\u00e7\u00e3o, cujo valor m\u00e1ximo previsto \u00e9 de R$ 183.319,98, objetiva a contrata\u00e7\u00e3o, por seis meses, de empresa que forne\u00e7a pessoal para exercer as fun\u00e7\u00f5es de agente de endemias, farmac\u00eautico e servente de limpeza e outros servi\u00e7os gerais para atender \u00e0s necessidades desse munic\u00edpio do Noroeste paranaense.<\/p>\n\n\n\n<p>O ato foi provocado por Representa\u00e7\u00e3o da Lei n\u00ba 8.666\/1993 (Lei de Licita\u00e7\u00f5es e Contratos) interposta pela empresa Insect Com\u00e9rcio, Dedetiza\u00e7\u00e3o e Servi\u00e7os Ltda. Na peti\u00e7\u00e3o, a licitante apontou que o edital prev\u00ea a apresenta\u00e7\u00e3o, na fase de habilita\u00e7\u00e3o, de documentos que n\u00e3o podem ser exigidos nessa etapa do certame, al\u00e9m de demandar a entrega de c\u00f3pias autenticadas e n\u00e3o apresentar crit\u00e9rio de atualiza\u00e7\u00e3o monet\u00e1ria em caso de pagamentos atrasados feitos pela administra\u00e7\u00e3o municipal.<\/p>\n\n\n\n<p>O relator do processo, conselheiro Ivan Bonilha, considerou o pedido de concess\u00e3o de medida cautelar integralmente procedente. Para ele, todos os itens apontados t\u00eam potencial de ferir a Lei de Licita\u00e7\u00f5es e a Lei n\u00ba 13.726\/2018 (Lei da Desburocratiza\u00e7\u00e3o). Assim, por considerar plaus\u00edveis as alega\u00e7\u00f5es da representante e antever poss\u00edvel risco da realiza\u00e7\u00e3o de contrata\u00e7\u00e3o desvantajosa \u2013 por ser contr\u00e1ria \u00e0 legisla\u00e7\u00e3o \u2013 pela administra\u00e7\u00e3o, ele determinou a imediata suspens\u00e3o do procedimento licitat\u00f3rio.<\/p>\n\n\n\n<p>O despacho, de 23 de agosto, foi homologado na sess\u00e3o do Tribunal Pleno do TCE-PR da \u00faltima quarta-feira (28). Com a suspens\u00e3o, foi aberto prazo de 15 dias para apresenta\u00e7\u00e3o de defesa por parte do prefeito de Ivat\u00e9, Univaldo Campaner, e da pregoeira Nat\u00e1lia Regis de Ara\u00fajo. Os efeitos da medida perduram at\u00e9 que o Tribunal decida sobre o m\u00e9rito do processo de Representa\u00e7\u00e3o.<\/p>\n\n\n\n<p>BemParan\u00e1<\/p>\n","protected":false},"excerpt":{"rendered":"<p>Est\u00e1 suspenso o Preg\u00e3o Presencial n\u00ba 60\/2019, lan\u00e7ado pela Prefeitura de Ivat\u00e9. A decis\u00e3o foi tomada de forma cautelar pelo Tribunal de Contas do Estado do Paran\u00e1 (TCE-PR). A licita\u00e7\u00e3o, cujo valor m\u00e1ximo previsto \u00e9 de R$ 183.319,98, objetiva a contrata\u00e7\u00e3o, por seis meses, de empresa que forne\u00e7a pessoal para exercer as fun\u00e7\u00f5es de agente [&hellip;]<\/p>\n","protected":false},"author":2,"featured_media":18806,"comment_status":"open","ping_status":"open","sticky":false,"template":"","format":"standard","meta":{"advanced_seo_description":"","jetpack_seo_html_title":"","jetpack_seo_noindex":false,"_jetpack_memberships_contains_paid_content":false,"footnotes":""},"categories":[42],"tags":[],"class_list":{"0":"post-18805","1":"post","2":"type-post","3":"status-publish","4":"format-standard","5":"has-post-thumbnail","7":"category-cidades"},"jetpack_featured_media_url":"https:\/\/www.paranapraia.com.br\/wp-content\/uploads\/2019\/09\/imagem-2.jpeg","jetpack_sharing_enabled":true,"_links":{"self":[{"href":"https:\/\/www.paranapraia.com.br\/index.php\/wp-json\/wp\/v2\/posts\/18805"}],"collection":[{"href":"https:\/\/www.paranapraia.com.br\/index.php\/wp-json\/wp\/v2\/posts"}],"about":[{"href":"https:\/\/www.paranapraia.com.br\/index.php\/wp-json\/wp\/v2\/types\/post"}],"author":[{"embeddable":true,"href":"https:\/\/www.paranapraia.com.br\/index.php\/wp-json\/wp\/v2\/users\/2"}],"replies":[{"embeddable":true,"href":"https:\/\/www.paranapraia.com.br\/index.php\/wp-json\/wp\/v2\/comments?post=18805"}],"version-history":[{"count":1,"href":"https:\/\/www.paranapraia.com.br\/index.php\/wp-json\/wp\/v2\/posts\/18805\/revisions"}],"predecessor-version":[{"id":18807,"href":"https:\/\/www.paranapraia.com.br\/index.php\/wp-json\/wp\/v2\/posts\/18805\/revisions\/18807"}],"wp:featuredmedia":[{"embeddable":true,"href":"https:\/\/www.paranapraia.com.br\/index.php\/wp-json\/wp\/v2\/media\/18806"}],"wp:attachment":[{"href":"https:\/\/www.paranapraia.com.br\/index.php\/wp-json\/wp\/v2\/media?parent=18805"}],"wp:term":[{"taxonomy":"category","embeddable":true,"href":"https:\/\/www.paranapraia.com.br\/index.php\/wp-json\/wp\/v2\/categories?post=18805"},{"taxonomy":"post_tag","embeddable":true,"href":"https:\/\/www.paranapraia.com.br\/index.php\/wp-json\/wp\/v2\/tags?post=18805"}],"curies":[{"name":"wp","href":"https:\/\/api.w.org\/{rel}","templated":true}]}}