{"id":18802,"date":"2019-09-03T09:49:05","date_gmt":"2019-09-03T12:49:05","guid":{"rendered":"https:\/\/www.paranapraia.com.br\/?p=18802"},"modified":"2019-09-03T09:49:07","modified_gmt":"2019-09-03T12:49:07","slug":"preco-do-gas-vai-subir-em-setembro-em-todo-o-brasil","status":"publish","type":"post","link":"https:\/\/www.paranapraia.com.br\/index.php\/2019\/09\/03\/preco-do-gas-vai-subir-em-setembro-em-todo-o-brasil\/","title":{"rendered":"Pre\u00e7o do g\u00e1s vai subir em setembro em todo o Brasil"},"content":{"rendered":"\n<p>O&nbsp;<strong>g\u00e1s de cozinha<\/strong>&nbsp;vai ficar&nbsp;<strong>mais caro<\/strong>&nbsp;a partir de&nbsp;<strong>setembro<\/strong>&nbsp;em todo o&nbsp;<strong>Brasil<\/strong>. Segundo as distribuidoras, o reajuste ser\u00e1 entre R$ 1,50 e R$ 2,50 sobre o pre\u00e7o atual do botij\u00e3o de 13kg, j\u00e1 que o m\u00eas marca o diss\u00eddio coletivo dos trabalhadores do setor. O valor da alta depende da regi\u00e3o do pa\u00eds. Apesar da justificativa das distribuidoras, a entidade de classe das revendas contesta e classifica as companhias como um \u2018oligop\u00f3lio\u2019.<\/p>\n\n\n\n<p>Em comunicados aos revendedores, as empresas Ultragaz, Nacional G\u00e1s e Supergasbras se posicionaram junto aos comerciantes de g\u00e1s, revelando o reajuste. De acordo com as empresas, uma s\u00e9rie de fatores influi no pre\u00e7o, como os acordos coletivos de trabalho e a eleva\u00e7\u00e3o dos custos de log\u00edstica.<\/p>\n\n\n\n<p>O acr\u00e9scimo se d\u00e1 mesmo ap\u00f3s as\u00a0tentativas do governo em baixar o valor do insumo. Al\u00e9m disso, o Minist\u00e9rio da Economia faz um esfor\u00e7o para equiparar os valores do g\u00e1s de cozinha e do g\u00e1s industrial. Em abril, o ministro Paulo Guedes anunciou que pretende quebrar o monop\u00f3lio da Petrobras sobre o g\u00e1s, o que poderia reduzir pela metade o valor do botij\u00e3o. Em Curitiba, um \u2018buj\u00e3o\u2019 de g\u00e1s custa cerca de R$ 70 reais, em m\u00e9dia.<\/p>\n\n\n\n<h2 class=\"wp-block-heading\">Contesta\u00e7\u00e3o<\/h2>\n\n\n\n<p>A Associa\u00e7\u00e3o Brasileira das Entidades de Classe das Revendas de G\u00e1s (Abrag\u00e1s) contesta os comunicados das empresas. Segundo a associa\u00e7\u00e3o, uma resolu\u00e7\u00e3o do Conselho Nacional de Pol\u00edtica Energ\u00e9tica (CNPE), aprovada na \u00faltima quinta-feira (29), reduziu a diferen\u00e7a entre os pre\u00e7os do GLP residencial e industrial, o que deveria baratear o custo do insumo para as ind\u00fastrias. No entanto, o movimento foi o contr\u00e1rio, conforme nota da Abrag\u00e1s.<\/p>\n\n\n\n<p>\u201cCom a nova resolu\u00e7\u00e3o o que deveria ocorrer seria o pre\u00e7o do GLP industrial igualar ao pre\u00e7o\/Kg do GLP residencial, lamentavelmente o oligop\u00f3lio formado pelas 5 distribuidoras que det\u00e9m 92% do mercado de GLP no pa\u00eds d\u00e3o sinais que nada disso ocorrer\u00e1 se depender das \u00faltimas movimenta\u00e7\u00f5es deste oligop\u00f3lio\u201d, diz parte do texto.<\/p>\n\n\n\n<p>De acordo com o texto, as empresas que dominam o mercado formaram uma esp\u00e9cie de cartel para combinarem pre\u00e7os e reajustes, evitando assim que as redu\u00e7\u00f5es da Petrobras cheguem ao consumidor final. Assim, al\u00e9m de n\u00e3o haver repasse das baixas de pre\u00e7o aos revendedores, a equipara\u00e7\u00e3o de pre\u00e7os entre os GLP residencial e industrial se dar\u00e1 \u2018pra cima\u2019.<\/p>\n\n\n\n<p>\u201cNos \u00faltimos meses, quando a Petrobr\u00e1s reduziu o pre\u00e7o do GLP industrial para as distribuidoras, (9,8% em 23\/07 e 13% em 02\/08), essas [distribuidoras] simplesmente n\u00e3o repassaram as redu\u00e7\u00f5es para aos revendedores o que impede que os pre\u00e7os baixem para os consumidores. Por outro lado, no dia 29\/08 quando o CNPE anunciou a revoga\u00e7\u00e3o da resolu\u00e7\u00e3o 04\/2005 com o intuito de equiparar os pre\u00e7os do GLP, as distribuidoras simultaneamente comunicaram \u00e0 rede de revendas de todo o Brasil um aumento de pre\u00e7os em torno de 3%, a partir de 09\/09\/19, o que indica entendimento entre o oligop\u00f3lio para aplicarem \u00edndices de aumento id\u00eanticos e em datas alinhadas\u201d, atesta a Abrag\u00e1s.<\/p>\n\n\n\n<p>TribunaPr<br><\/p>\n","protected":false},"excerpt":{"rendered":"<p>O&nbsp;g\u00e1s de cozinha&nbsp;vai ficar&nbsp;mais caro&nbsp;a partir de&nbsp;setembro&nbsp;em todo o&nbsp;Brasil. Segundo as distribuidoras, o reajuste ser\u00e1 entre R$ 1,50 e R$ 2,50 sobre o pre\u00e7o atual do botij\u00e3o de 13kg, j\u00e1 que o m\u00eas marca o diss\u00eddio coletivo dos trabalhadores do setor. O valor da alta depende da regi\u00e3o do pa\u00eds. Apesar da justificativa das distribuidoras, [&hellip;]<\/p>\n","protected":false},"author":2,"featured_media":18803,"comment_status":"open","ping_status":"open","sticky":false,"template":"","format":"standard","meta":{"advanced_seo_description":"","jetpack_seo_html_title":"","jetpack_seo_noindex":false,"_jetpack_memberships_contains_paid_content":false,"footnotes":""},"categories":[43],"tags":[],"class_list":{"0":"post-18802","1":"post","2":"type-post","3":"status-publish","4":"format-standard","5":"has-post-thumbnail","7":"category-cotidiano"},"jetpack_featured_media_url":"https:\/\/www.paranapraia.com.br\/wp-content\/uploads\/2019\/09\/g\u00e1s.jpg","jetpack_sharing_enabled":true,"_links":{"self":[{"href":"https:\/\/www.paranapraia.com.br\/index.php\/wp-json\/wp\/v2\/posts\/18802"}],"collection":[{"href":"https:\/\/www.paranapraia.com.br\/index.php\/wp-json\/wp\/v2\/posts"}],"about":[{"href":"https:\/\/www.paranapraia.com.br\/index.php\/wp-json\/wp\/v2\/types\/post"}],"author":[{"embeddable":true,"href":"https:\/\/www.paranapraia.com.br\/index.php\/wp-json\/wp\/v2\/users\/2"}],"replies":[{"embeddable":true,"href":"https:\/\/www.paranapraia.com.br\/index.php\/wp-json\/wp\/v2\/comments?post=18802"}],"version-history":[{"count":1,"href":"https:\/\/www.paranapraia.com.br\/index.php\/wp-json\/wp\/v2\/posts\/18802\/revisions"}],"predecessor-version":[{"id":18804,"href":"https:\/\/www.paranapraia.com.br\/index.php\/wp-json\/wp\/v2\/posts\/18802\/revisions\/18804"}],"wp:featuredmedia":[{"embeddable":true,"href":"https:\/\/www.paranapraia.com.br\/index.php\/wp-json\/wp\/v2\/media\/18803"}],"wp:attachment":[{"href":"https:\/\/www.paranapraia.com.br\/index.php\/wp-json\/wp\/v2\/media?parent=18802"}],"wp:term":[{"taxonomy":"category","embeddable":true,"href":"https:\/\/www.paranapraia.com.br\/index.php\/wp-json\/wp\/v2\/categories?post=18802"},{"taxonomy":"post_tag","embeddable":true,"href":"https:\/\/www.paranapraia.com.br\/index.php\/wp-json\/wp\/v2\/tags?post=18802"}],"curies":[{"name":"wp","href":"https:\/\/api.w.org\/{rel}","templated":true}]}}