{"id":18796,"date":"2019-09-03T09:45:30","date_gmt":"2019-09-03T12:45:30","guid":{"rendered":"https:\/\/www.paranapraia.com.br\/?p=18796"},"modified":"2019-09-03T09:45:31","modified_gmt":"2019-09-03T12:45:31","slug":"bolsonaro-cria-situacao-dramatica-ao-tentar-proteger-flavio-diz-ex-procurador-da-lava-jato","status":"publish","type":"post","link":"https:\/\/www.paranapraia.com.br\/index.php\/2019\/09\/03\/bolsonaro-cria-situacao-dramatica-ao-tentar-proteger-flavio-diz-ex-procurador-da-lava-jato\/","title":{"rendered":"Bolsonaro cria &#8216;situa\u00e7\u00e3o dram\u00e1tica&#8217; ao tentar proteger Fl\u00e1vio, diz ex-procurador da Lava Jato"},"content":{"rendered":"\n<p>Para Carlos Fernando dos Santos Lima, Jair Bolsonaro (PSL) \u00e9 hoje uma &#8220;fonte de preocupa\u00e7\u00e3o&#8221;. Para ele, atitudes recentes do presidente \u2013 como mandar o antigo Coaf para o Banco Central e trocar nomes-chave da Receita Federal \u2013 podem ter sido motivadas pelo desejo de proteger seu filho, o hoje senador Fl\u00e1vio Bolsonaro (PSL-RJ).<\/p>\n\n\n\n<p>O senador \u00e9 investigado na opera\u00e7\u00e3o Furna da On\u00e7a, que apura se pol\u00edticos de v\u00e1rios partidos teriam se apropriado dos sal\u00e1rios de assessores na Assembleia Legislativa do Rio (Alerj).<\/p>\n\n\n\n<p>&#8220;Infelizmente, uma quest\u00e3o menor, um crime dos mais banais envolvendo pol\u00edticos \u2013 a &#8216;rachadinha&#8217; dos sal\u00e1rios no gabinete \u2013 est\u00e1 inviabilizando o combate \u00e0 corrup\u00e7\u00e3o no Brasil&#8221;, disse Carlos Fernando em entrevista exclusiva \u00e0 BBC News Brasil, por telefone.<\/p>\n\n\n\n<p>&#8220;Com este Coaf no Banco Central e sem liberdade de se comunicar com o Minist\u00e9rio P\u00fablico; e com a Receita tamb\u00e9m amea\u00e7ada de diminui\u00e7\u00e3o da sua independ\u00eancia, n\u00f3s temos realmente uma situa\u00e7\u00e3o dram\u00e1tica.&#8221;<\/p>\n\n\n\n<p>Carlos Fernando, que teve uma suposta mensagem hackeada de seu telefone entre as publicadas em reportagens do site The Intercept Brasil, relativiza a import\u00e2ncia da conversa. No trecho, ele teria dito que seus &#8220;vazamentos objetivam sempre fazer com que pensem que as investiga\u00e7\u00f5es s\u00e3o inevit\u00e1veis e incentivar a colabora\u00e7\u00e3o&#8221;.<\/p>\n\n\n\n<p>\u00c0 BBC News Brasil, ele diz que tudo o que fez foi antecipar informa\u00e7\u00f5es n\u00e3o protegidas por sigilo, com o \u00fanico objetivo de criar uma &#8220;corrida pela dela\u00e7\u00e3o&#8221; entre os investigados.<\/p>\n\n\n\n<p>Ele tamb\u00e9m classifica as supostas conversas de procuradores acerca da morte da ex-primeira dama Marisa Let\u00edcia (1950-2017), mulher do ex-presidente Lula (PT), de &#8220;conversa de botequim&#8221; dos procuradores.<\/p>\n\n\n\n<p>&#8220;Poucas pessoas suportariam a revela\u00e7\u00e3o de cinco anos de mensagens trocadas em grupos de WhatsApp. Sejam jornalistas, sejam funcion\u00e1rios p\u00fablicos, sejam membros do Vaticano. Nem mesmo o Papa n\u00e3o resistiria&#8221;, diz.<\/p>\n\n\n\n<h2 class=\"wp-block-heading\">&#8216;Entre o diabo e o coisa ruim&#8217;<\/h2>\n\n\n\n<p>No 2\u00ba turno das elei\u00e7\u00f5es de 2018, diz Carlos Fernando, o pa\u00eds ficou &#8220;entre o diabo e o coisa ruim&#8221;, referindo-se aos ent\u00e3o candidatos Fernando Haddad (PT) e Bolsonaro. Muitos procuradores tinham a percep\u00e7\u00e3o de que um governo petista &#8220;acabaria sendo mais agressivo com a Lava Jato&#8221;, segundo ele. Por outro lado, n\u00e3o havia muito entusiasmo com o candidato eleito.<\/p>\n\n\n\n<p>Bolsonaro acabou frustrando expectativas quando n\u00e3o deu o devido apoio, na opini\u00e3o de Carlos Fernando, ao pacote anticrime do ministro da Justi\u00e7a, Sergio Moro, que hoje tramita a passos lentos no Congresso. Neste caso, o presidente &#8220;acabou realmente se revelando uma decep\u00e7\u00e3o&#8221;, diz o procurador aposentado.<\/p>\n\n\n\n<p>Ele ressalta ainda que a decis\u00e3o de Moro de integrar o governo \u00e9 uma escolha pessoal e n\u00e3o da Lava Jato. Mas avalia que a perman\u00eancia dele no minist\u00e9rio ainda \u00e9 &#8220;uma garantia&#8221; para o pa\u00eds.<\/p>\n\n\n\n<p>O procurador tamb\u00e9m diz que Bolsonaro erra ao retardar a escolha do pr\u00f3ximo procurador-geral da Rep\u00fablica. O mandato da atual PGR, Raquel Dodge, acaba no dia 17 deste m\u00eas, mas uma eventual indica\u00e7\u00e3o de um procurador &#8220;alinhado&#8221; n\u00e3o teria os efeitos desejados pelo presidente, segundo Carlos Fernando.<\/p>\n\n\n\n<p>&#8220;Querer um procurador alinhado com a vis\u00e3o do Bolsonaro em quest\u00f5es de meio ambiente, ou ind\u00edgenas, \u00e9 pouco produtivo, porque os procuradores dessas \u00e1reas s\u00e3o independentes da opini\u00e3o do PGR. No final das contas, acabar\u00e1 possivelmente acirrando mais os \u00e2nimos dentro da categoria&#8221;, afirma ele.<\/p>\n\n\n\n<p>Aos 55 anos, Carlos Fernando deixou a for\u00e7a-tarefa da Lava Jato em Curitiba em setembro de 2018. Em 18 de mar\u00e7o deste ano, aposentou-se no Minist\u00e9rio P\u00fablico.<\/p>\n\n\n\n<p>Hoje atua como advogado, palestrante e professor na \u00e1rea de compliance corporativo \u2013 uma \u00e1rea do direito que busca implementar boas pr\u00e1ticas e prevenir casos de corrup\u00e7\u00e3o em empresas. Quando falou com a reportagem, ainda buscava um espa\u00e7o para montar seu escrit\u00f3rio, em Curitiba (PR).<\/p>\n\n\n\n<p>BBC<br><\/p>\n","protected":false},"excerpt":{"rendered":"<p>Para Carlos Fernando dos Santos Lima, Jair Bolsonaro (PSL) \u00e9 hoje uma &#8220;fonte de preocupa\u00e7\u00e3o&#8221;. Para ele, atitudes recentes do presidente \u2013 como mandar o antigo Coaf para o Banco Central e trocar nomes-chave da Receita Federal \u2013 podem ter sido motivadas pelo desejo de proteger seu filho, o hoje senador Fl\u00e1vio Bolsonaro (PSL-RJ). O [&hellip;]<\/p>\n","protected":false},"author":2,"featured_media":18797,"comment_status":"open","ping_status":"open","sticky":false,"template":"","format":"standard","meta":{"advanced_seo_description":"","jetpack_seo_html_title":"","jetpack_seo_noindex":false,"_jetpack_memberships_contains_paid_content":false,"footnotes":""},"categories":[32],"tags":[],"class_list":{"0":"post-18796","1":"post","2":"type-post","3":"status-publish","4":"format-standard","5":"has-post-thumbnail","7":"category-politica"},"jetpack_featured_media_url":"https:\/\/www.paranapraia.com.br\/wp-content\/uploads\/2019\/09\/blujo.jpg","jetpack_sharing_enabled":true,"_links":{"self":[{"href":"https:\/\/www.paranapraia.com.br\/index.php\/wp-json\/wp\/v2\/posts\/18796"}],"collection":[{"href":"https:\/\/www.paranapraia.com.br\/index.php\/wp-json\/wp\/v2\/posts"}],"about":[{"href":"https:\/\/www.paranapraia.com.br\/index.php\/wp-json\/wp\/v2\/types\/post"}],"author":[{"embeddable":true,"href":"https:\/\/www.paranapraia.com.br\/index.php\/wp-json\/wp\/v2\/users\/2"}],"replies":[{"embeddable":true,"href":"https:\/\/www.paranapraia.com.br\/index.php\/wp-json\/wp\/v2\/comments?post=18796"}],"version-history":[{"count":1,"href":"https:\/\/www.paranapraia.com.br\/index.php\/wp-json\/wp\/v2\/posts\/18796\/revisions"}],"predecessor-version":[{"id":18798,"href":"https:\/\/www.paranapraia.com.br\/index.php\/wp-json\/wp\/v2\/posts\/18796\/revisions\/18798"}],"wp:featuredmedia":[{"embeddable":true,"href":"https:\/\/www.paranapraia.com.br\/index.php\/wp-json\/wp\/v2\/media\/18797"}],"wp:attachment":[{"href":"https:\/\/www.paranapraia.com.br\/index.php\/wp-json\/wp\/v2\/media?parent=18796"}],"wp:term":[{"taxonomy":"category","embeddable":true,"href":"https:\/\/www.paranapraia.com.br\/index.php\/wp-json\/wp\/v2\/categories?post=18796"},{"taxonomy":"post_tag","embeddable":true,"href":"https:\/\/www.paranapraia.com.br\/index.php\/wp-json\/wp\/v2\/tags?post=18796"}],"curies":[{"name":"wp","href":"https:\/\/api.w.org\/{rel}","templated":true}]}}