{"id":18788,"date":"2019-09-02T17:01:35","date_gmt":"2019-09-02T20:01:35","guid":{"rendered":"https:\/\/www.paranapraia.com.br\/?p=18788"},"modified":"2019-09-02T17:01:36","modified_gmt":"2019-09-02T20:01:36","slug":"inscricoes-para-o-processo-seletivo-do-colegio-da-pm-estao-abertas","status":"publish","type":"post","link":"https:\/\/www.paranapraia.com.br\/index.php\/2019\/09\/02\/inscricoes-para-o-processo-seletivo-do-colegio-da-pm-estao-abertas\/","title":{"rendered":"Inscri\u00e7\u00f5es para o processo seletivo do Col\u00e9gio da PM est\u00e3o abertas"},"content":{"rendered":"\n<h4 class=\"wp-block-heading\">As inscri\u00e7\u00f5es seguem at\u00e9 09 de outubro e devem ser feitas pelo site<\/h4>\n\n\n\n<p>O&nbsp;<strong>Col\u00e9gio da Pol\u00edcia Militar (CPM)<\/strong>&nbsp;est\u00e1 com inscri\u00e7\u00f5es abertas para o teste classificat\u00f3rio 2020. S\u00e3o<strong>&nbsp;120 vagas do 6\u00ba ano do Ensino Fundamental e 90 vagas do 1\u00ba ano do Ensino M\u00e9dio<\/strong>. De acordo com o comandante da institui\u00e7\u00e3o, o Major Anderson Mendes, a alta procura de alunos pelo ingresso fez com que o CPM realizasse este processo seletivo.<\/p>\n\n\n\n<p>\u201cInfelizmente n\u00e3o conseguimos matricular todos os interessados pelas nossas vagas, ent\u00e3o precisamos ter um crit\u00e9rio para selecionar nossos futuros alunos. Para isso, realizamos uma prova de conhecimentos gerais, que ir\u00e3o selecionar os melhores alunos que poder\u00e3o frequentar nossa escola\u201d, afirmou.<\/p>\n\n\n\n<p>As inscri\u00e7\u00f5es seguem at\u00e9 09 de outubro e devem ser feitas pelo site&nbsp;<a href=\"http:\/\/www.cpmpr.processoclassificatorio.com.br\/\">www.cpmpr.processoclassificatorio.com.br<\/a>. A taxa de \u00e9 R$ 95,00. \u00c9 poss\u00edvel solicitar a isen\u00e7\u00e3o mediante comprova\u00e7\u00e3o de situa\u00e7\u00e3o econ\u00f4mica por meio de cadastro em programas sociais governamentais.<\/p>\n\n\n\n<p>Das 120 vagas para o 6\u00ba ano do Ensino Fundamental, 72 s\u00e3o destinadas a filhos de militares estaduais e o restante para civis. Para o 1\u00ba ano do Ensino M\u00e9dio ser\u00e3o 90 vagas, 54 delas preferenciais e 36 complementares. A previs\u00e3o para a aplica\u00e7\u00e3o das provas \u00e9 dia 10 de novembro para o 1\u00ba ano do Ensino M\u00e9dio e 24 de novembro para o 6\u00ba ano do Ensino Fundamental.<\/p>\n\n\n\n<p>BandaB<\/p>\n","protected":false},"excerpt":{"rendered":"<p>As inscri\u00e7\u00f5es seguem at\u00e9 09 de outubro e devem ser feitas pelo site O&nbsp;Col\u00e9gio da Pol\u00edcia Militar (CPM)&nbsp;est\u00e1 com inscri\u00e7\u00f5es abertas para o teste classificat\u00f3rio 2020. S\u00e3o&nbsp;120 vagas do 6\u00ba ano do Ensino Fundamental e 90 vagas do 1\u00ba ano do Ensino M\u00e9dio. De acordo com o comandante da institui\u00e7\u00e3o, o Major Anderson Mendes, a [&hellip;]<\/p>\n","protected":false},"author":2,"featured_media":18789,"comment_status":"open","ping_status":"open","sticky":false,"template":"","format":"standard","meta":{"advanced_seo_description":"","jetpack_seo_html_title":"","jetpack_seo_noindex":false,"_jetpack_memberships_contains_paid_content":false,"footnotes":""},"categories":[43],"tags":[],"class_list":{"0":"post-18788","1":"post","2":"type-post","3":"status-publish","4":"format-standard","5":"has-post-thumbnail","7":"category-cotidiano"},"jetpack_featured_media_url":"https:\/\/www.paranapraia.com.br\/wp-content\/uploads\/2019\/09\/colegg.jpg","jetpack_sharing_enabled":true,"_links":{"self":[{"href":"https:\/\/www.paranapraia.com.br\/index.php\/wp-json\/wp\/v2\/posts\/18788"}],"collection":[{"href":"https:\/\/www.paranapraia.com.br\/index.php\/wp-json\/wp\/v2\/posts"}],"about":[{"href":"https:\/\/www.paranapraia.com.br\/index.php\/wp-json\/wp\/v2\/types\/post"}],"author":[{"embeddable":true,"href":"https:\/\/www.paranapraia.com.br\/index.php\/wp-json\/wp\/v2\/users\/2"}],"replies":[{"embeddable":true,"href":"https:\/\/www.paranapraia.com.br\/index.php\/wp-json\/wp\/v2\/comments?post=18788"}],"version-history":[{"count":1,"href":"https:\/\/www.paranapraia.com.br\/index.php\/wp-json\/wp\/v2\/posts\/18788\/revisions"}],"predecessor-version":[{"id":18790,"href":"https:\/\/www.paranapraia.com.br\/index.php\/wp-json\/wp\/v2\/posts\/18788\/revisions\/18790"}],"wp:featuredmedia":[{"embeddable":true,"href":"https:\/\/www.paranapraia.com.br\/index.php\/wp-json\/wp\/v2\/media\/18789"}],"wp:attachment":[{"href":"https:\/\/www.paranapraia.com.br\/index.php\/wp-json\/wp\/v2\/media?parent=18788"}],"wp:term":[{"taxonomy":"category","embeddable":true,"href":"https:\/\/www.paranapraia.com.br\/index.php\/wp-json\/wp\/v2\/categories?post=18788"},{"taxonomy":"post_tag","embeddable":true,"href":"https:\/\/www.paranapraia.com.br\/index.php\/wp-json\/wp\/v2\/tags?post=18788"}],"curies":[{"name":"wp","href":"https:\/\/api.w.org\/{rel}","templated":true}]}}