{"id":18779,"date":"2019-09-02T16:55:25","date_gmt":"2019-09-02T19:55:25","guid":{"rendered":"https:\/\/www.paranapraia.com.br\/?p=18779"},"modified":"2019-09-02T16:55:26","modified_gmt":"2019-09-02T19:55:26","slug":"perfil-fake-tentou-arrecadar-dinheiro-em-nome-de-casal-gravido-de-quintuplos","status":"publish","type":"post","link":"https:\/\/www.paranapraia.com.br\/index.php\/2019\/09\/02\/perfil-fake-tentou-arrecadar-dinheiro-em-nome-de-casal-gravido-de-quintuplos\/","title":{"rendered":"Perfil fake tentou arrecadar dinheiro em nome de casal gr\u00e1vido de qu\u00edntuplos"},"content":{"rendered":"\n<h4 class=\"wp-block-heading\">Fals\u00e1rios abriram uma conta no Twiter e no site Vakinha usando imagem e nome de casal gr\u00e1vido de qu\u00edntuplos, para arrecadar dinheiro<\/h4>\n\n\n\n<p>ieli Kurtel, 24 anos, e Lu\u00eds Fernando Ara\u00fajo, 33 anos, o\u00a0<strong>casal que est\u00e1 gr\u00e1vido de qu\u00edntuplos<\/strong>, alerta para pessoas de m\u00e1 f\u00e9 que est\u00e3o usando a hist\u00f3ria deles para faturar dinheiro na internet. Na semana passada, surgiu um\u00a0<strong>perfil falso<\/strong>\u00a0na rede social\u00a0<strong>Twiter<\/strong>, chamado\u00a0<strong>@mamaedequntupl1<\/strong>\u00a0(de Recife, Pernambuco), que usava fotos de Anieli gr\u00e1vida e pedia contribui\u00e7\u00f5es. Al\u00e9m deste perfil, o fals\u00e1rio tamb\u00e9m criou uma conta no site\u00a0<strong>Vakinha<\/strong>\u00a0(que tinha o n\u00famero 701551). As<strong>\u00a0duas contas j\u00e1 foram denunciadas e tiradas do ar<\/strong>.<\/p>\n\n\n\n<p>Lu\u00eds explica que a \u00fanica conta que eles possuem nas redes sociais est\u00e1 no\u00a0<strong>Instagram<\/strong>\u00a0e chama-se\u00a0<strong>@quintuplosdoparana\u00a0(Pais de Quintuplos Luis e Ani)<\/strong>. Al\u00e9m desta conta, a vaquinha online que eles possuem no site Vakinha chama-se\u00a0<strong>\u201cAjuda aos Qu\u00edntuplos do Paran\u00e1\u201d (n\u00famero de identifica\u00e7\u00e3o 567080)<\/strong>. Qualquer outra conta que n\u00e3o seja estas, mesmo que utilize o nome e as fotos do casal, \u00e9 falsa. \u201cN\u00f3s n\u00e3o temos conta no Twiter, nem no Facebook. Quem me alertou foi uma pessoa l\u00e1 de Recife, que disse que queria ajudar e quase depositou dinheiro nessa Vakinha falsa. Sorte que ele decidiu nos passar mensagem antes\u201d, disse Lu\u00eds.<\/p>\n\n\n\n<h2 class=\"wp-block-heading\">Muita ajuda<\/h2>\n\n\n\n<figure class=\"wp-block-image\"><img decoding=\"async\" src=\"https:\/\/www.tribunapr.com.br\/wp-content\/uploads\/sites\/1\/2019\/09\/QU%C3%8DNTUPLOS-2.jpg?a86372\" alt=\"Casal gr\u00e1vido de qu\u00edntuplos, pode ser a primeira gesta\u00e7\u00e3o bem sucedida. FOTO: Felipe Rosa \/ Tribuna do Parana\" class=\"wp-image-3019133\"\/><\/figure>\n\n\n\n<p>Casal gr\u00e1vido de qu\u00edntuplos, pode ser a primeira gesta\u00e7\u00e3o bem sucedida. FOTO: Felipe Rosa \/ Tribuna do Parana<\/p>\n\n\n\n<p>O casal abriu a conta no site Vakinha porque\u00a0sabe que precisar\u00e1 de muita ajuda. Eles planejavam\u00a0<strong>dar um irm\u00e3o ao filho de Anieli<\/strong>, o Davi, e sabiam que poderia ser uma\u00a0<strong>gesta\u00e7\u00e3o m\u00faltipla<\/strong>, j\u00e1 que existem casos na fam\u00edlia dela. Mas n\u00e3o esperavam que viessem cinco de uma vez. Lu\u00eds estima que, no in\u00edcio, os beb\u00eas usar\u00e3o cerca de\u00a0<strong>1.200 fraldas por m\u00eas<\/strong>. Sem contar os\u00a0<strong>len\u00e7os umedecidos<\/strong>\u00a0e\u00a0<strong>leite<\/strong>, j\u00e1 que Anieli talvez n\u00e3o d\u00ea conta de amamentar tantos beb\u00eas. O objetivo \u00e9 arrecadar R$ 40 mil. At\u00e9 agora, arrecadou pouco mais de R$ 23 mil.<\/p>\n\n\n\n<p>Anieli disse \u00e0&nbsp;<strong>Tribuna<\/strong>, na ocasi\u00e3o da entrega das doa\u00e7\u00f5es, que o casal usar\u00e1 o dinheiro da Vakinha depois que os beb\u00eas nascerem. \u201cAgora tem bastante gente ajudando. Mas a gente sabe que depois que eles nascerem, depois que passar a novidade, as pessoas v\u00e3o esquecer um pouco o assunto. E ser\u00e1 o momento que a gente mais vai precisar. Al\u00e9m das fraldas, sei que vamos gastar muito com&nbsp;<strong>leite<\/strong>\u201d, diz a mam\u00e3e, que est\u00e1 com 28 semanas e tentando segurar ao m\u00e1ximo a gesta\u00e7\u00e3o.<\/p>\n\n\n\n<p>Cada dia que os beb\u00eas ficam na barriga dela s\u00e3o tr\u00eas dias a menos de UTI neonatal. Mas Anieli est\u00e1 sendo guerreira e muito elogiada pelos m\u00e9dicos, pois apesar das dores, desconforto e noites insones, ela est\u00e1 aguentando firme a gesta\u00e7\u00e3o.<\/p>\n\n\n\n<p>TribunaPr<\/p>\n","protected":false},"excerpt":{"rendered":"<p>Fals\u00e1rios abriram uma conta no Twiter e no site Vakinha usando imagem e nome de casal gr\u00e1vido de qu\u00edntuplos, para arrecadar dinheiro ieli Kurtel, 24 anos, e Lu\u00eds Fernando Ara\u00fajo, 33 anos, o\u00a0casal que est\u00e1 gr\u00e1vido de qu\u00edntuplos, alerta para pessoas de m\u00e1 f\u00e9 que est\u00e3o usando a hist\u00f3ria deles para faturar dinheiro na internet. [&hellip;]<\/p>\n","protected":false},"author":2,"featured_media":18780,"comment_status":"open","ping_status":"open","sticky":false,"template":"","format":"standard","meta":{"advanced_seo_description":"","jetpack_seo_html_title":"","jetpack_seo_noindex":false,"_jetpack_memberships_contains_paid_content":false,"footnotes":""},"categories":[42],"tags":[],"class_list":{"0":"post-18779","1":"post","2":"type-post","3":"status-publish","4":"format-standard","5":"has-post-thumbnail","7":"category-cidades"},"jetpack_featured_media_url":"https:\/\/www.paranapraia.com.br\/wp-content\/uploads\/2019\/09\/arrecadar.jpg","jetpack_sharing_enabled":true,"_links":{"self":[{"href":"https:\/\/www.paranapraia.com.br\/index.php\/wp-json\/wp\/v2\/posts\/18779"}],"collection":[{"href":"https:\/\/www.paranapraia.com.br\/index.php\/wp-json\/wp\/v2\/posts"}],"about":[{"href":"https:\/\/www.paranapraia.com.br\/index.php\/wp-json\/wp\/v2\/types\/post"}],"author":[{"embeddable":true,"href":"https:\/\/www.paranapraia.com.br\/index.php\/wp-json\/wp\/v2\/users\/2"}],"replies":[{"embeddable":true,"href":"https:\/\/www.paranapraia.com.br\/index.php\/wp-json\/wp\/v2\/comments?post=18779"}],"version-history":[{"count":1,"href":"https:\/\/www.paranapraia.com.br\/index.php\/wp-json\/wp\/v2\/posts\/18779\/revisions"}],"predecessor-version":[{"id":18781,"href":"https:\/\/www.paranapraia.com.br\/index.php\/wp-json\/wp\/v2\/posts\/18779\/revisions\/18781"}],"wp:featuredmedia":[{"embeddable":true,"href":"https:\/\/www.paranapraia.com.br\/index.php\/wp-json\/wp\/v2\/media\/18780"}],"wp:attachment":[{"href":"https:\/\/www.paranapraia.com.br\/index.php\/wp-json\/wp\/v2\/media?parent=18779"}],"wp:term":[{"taxonomy":"category","embeddable":true,"href":"https:\/\/www.paranapraia.com.br\/index.php\/wp-json\/wp\/v2\/categories?post=18779"},{"taxonomy":"post_tag","embeddable":true,"href":"https:\/\/www.paranapraia.com.br\/index.php\/wp-json\/wp\/v2\/tags?post=18779"}],"curies":[{"name":"wp","href":"https:\/\/api.w.org\/{rel}","templated":true}]}}