{"id":18776,"date":"2019-09-02T16:53:21","date_gmt":"2019-09-02T19:53:21","guid":{"rendered":"https:\/\/www.paranapraia.com.br\/?p=18776"},"modified":"2019-09-02T16:53:22","modified_gmt":"2019-09-02T19:53:22","slug":"atacadista-inaugura-nova-unidade-e-gera-400-empregos-em-pinhais","status":"publish","type":"post","link":"https:\/\/www.paranapraia.com.br\/index.php\/2019\/09\/02\/atacadista-inaugura-nova-unidade-e-gera-400-empregos-em-pinhais\/","title":{"rendered":"Atacadista inaugura nova unidade e gera 400 empregos em Pinhais"},"content":{"rendered":"\n<p>A inaugura\u00e7\u00e3o do Max Atacadista de Pinhais, na Regi\u00e3o Metropolitana de Curitiba (RMC), que acontece nesta quarta-feira, 4, \u00e0s 8h, \u00e9 uma conquista mais do que especial para o Grupo Muffato. Al\u00e9m de realizar os planos de levar a bandeira do Max para Pinhais, cidade que \u00e9 a 12\u00aa maior economia do Paran\u00e1, a nova loja \u00e9 a 60\u00aa do Grupo e representa um marco em seus 45 anos de hist\u00f3ria.<\/p>\n\n\n\n<p>Leia a mat\u00e9ria no&nbsp;<a href=\"https:\/\/www.bemparana.com.br\/blog\/metropole\/post\/atacadista-inaugura-nova-unidade-e-gera-400-empregos-em-pinhais#.XW1vBChKjIU\">Blog Metr\u00f3pole<\/a><\/p>\n","protected":false},"excerpt":{"rendered":"<p>A inaugura\u00e7\u00e3o do Max Atacadista de Pinhais, na Regi\u00e3o Metropolitana de Curitiba (RMC), que acontece nesta quarta-feira, 4, \u00e0s 8h, \u00e9 uma conquista mais do que especial para o Grupo Muffato. Al\u00e9m de realizar os planos de levar a bandeira do Max para Pinhais, cidade que \u00e9 a 12\u00aa maior economia do Paran\u00e1, a nova [&hellip;]<\/p>\n","protected":false},"author":2,"featured_media":18777,"comment_status":"open","ping_status":"open","sticky":false,"template":"","format":"standard","meta":{"advanced_seo_description":"","jetpack_seo_html_title":"","jetpack_seo_noindex":false,"_jetpack_memberships_contains_paid_content":false,"footnotes":""},"categories":[42],"tags":[],"class_list":{"0":"post-18776","1":"post","2":"type-post","3":"status-publish","4":"format-standard","5":"has-post-thumbnail","7":"category-cidades"},"jetpack_featured_media_url":"https:\/\/www.paranapraia.com.br\/wp-content\/uploads\/2019\/09\/ataca.jpg","jetpack_sharing_enabled":true,"_links":{"self":[{"href":"https:\/\/www.paranapraia.com.br\/index.php\/wp-json\/wp\/v2\/posts\/18776"}],"collection":[{"href":"https:\/\/www.paranapraia.com.br\/index.php\/wp-json\/wp\/v2\/posts"}],"about":[{"href":"https:\/\/www.paranapraia.com.br\/index.php\/wp-json\/wp\/v2\/types\/post"}],"author":[{"embeddable":true,"href":"https:\/\/www.paranapraia.com.br\/index.php\/wp-json\/wp\/v2\/users\/2"}],"replies":[{"embeddable":true,"href":"https:\/\/www.paranapraia.com.br\/index.php\/wp-json\/wp\/v2\/comments?post=18776"}],"version-history":[{"count":1,"href":"https:\/\/www.paranapraia.com.br\/index.php\/wp-json\/wp\/v2\/posts\/18776\/revisions"}],"predecessor-version":[{"id":18778,"href":"https:\/\/www.paranapraia.com.br\/index.php\/wp-json\/wp\/v2\/posts\/18776\/revisions\/18778"}],"wp:featuredmedia":[{"embeddable":true,"href":"https:\/\/www.paranapraia.com.br\/index.php\/wp-json\/wp\/v2\/media\/18777"}],"wp:attachment":[{"href":"https:\/\/www.paranapraia.com.br\/index.php\/wp-json\/wp\/v2\/media?parent=18776"}],"wp:term":[{"taxonomy":"category","embeddable":true,"href":"https:\/\/www.paranapraia.com.br\/index.php\/wp-json\/wp\/v2\/categories?post=18776"},{"taxonomy":"post_tag","embeddable":true,"href":"https:\/\/www.paranapraia.com.br\/index.php\/wp-json\/wp\/v2\/tags?post=18776"}],"curies":[{"name":"wp","href":"https:\/\/api.w.org\/{rel}","templated":true}]}}