{"id":18758,"date":"2019-09-02T16:14:46","date_gmt":"2019-09-02T19:14:46","guid":{"rendered":"https:\/\/www.paranapraia.com.br\/?p=18758"},"modified":"2019-09-02T16:15:13","modified_gmt":"2019-09-02T19:15:13","slug":"brasileiro-nao-leva-a-serio-suicidio-e-depressao-por-que","status":"publish","type":"post","link":"https:\/\/www.paranapraia.com.br\/index.php\/2019\/09\/02\/brasileiro-nao-leva-a-serio-suicidio-e-depressao-por-que\/","title":{"rendered":"Brasileiro n\u00e3o leva a s\u00e9rio suic\u00eddio e depress\u00e3o: por qu\u00ea?"},"content":{"rendered":"\n<h4 class=\"wp-block-heading\">Pesquisa nacional do IBOPE revela que o tabu em rela\u00e7\u00e3o ao suic\u00eddio permanece mais forte entre jovens e homens<\/h4>\n\n\n\n<p>Al\u00e9m de saberem pouco sobre\u00a0depress\u00e3o, os jovens brasileiros sentem vergonha de falar do assunto e n\u00e3o acreditam na import\u00e2ncia do tratamento, segundo pesquisa realizada pelo\u00a0IBOPE\u00a0em diferentes regi\u00f5es do Brasil.<\/p>\n\n\n\n<p>A doen\u00e7a pode levar ao\u00a0suic\u00eddio\u00a0e, de acordo com o psiquiatra Celso Lopes de Souza, do\u00a0Programa Semente, o primeiro erro com rela\u00e7\u00e3o ao tema \u00e9 justamente n\u00e3o falar sobre ele. &#8220;J\u00e1 est\u00e1 mais do que comprovado que falar sobre o assunto n\u00e3o agrava a situa\u00e7\u00e3o, muito pelo contr\u00e1rio, pode ajudar a tratar as pessoas&#8221;, afirma.<\/p>\n\n\n\n<p>O\u00a0suic\u00eddio\u00a0\u00e9 a segunda causa de morte que mais atinge os jovens de 15 a 29 anos no mundo, dizem dados da Organiza\u00e7\u00e3o Mundial da Sa\u00fade (OMS). E mais: s\u00f3 no Brasil, uma pessoa comete suic\u00eddio a cada 45 minutos. E as pesquisas mostram ainda que 9 a cada 19 pessoas que se matam tinham algum transtorno psiqui\u00e1trico.<\/p>\n\n\n\n<p>Mas no levantamento do IBOPE, mais de 1 a cada 4 entrevistados do grupo de 18 a 24 anos (26%) acredita que a depress\u00e3o \u00e9 uma &#8220;doen\u00e7a da alma&#8221;. Al\u00e9m disso, apesar de saberem que h\u00e1 tratamento, esse mesmo grupo n\u00e3o acredita na sua efic\u00e1cia.<\/p>\n\n\n\n<p>Ver essa realidade, diz a diretor m\u00e9dica da empresa farmac\u00eautica parceira do estudo, Pfizer Brasil, &#8220;\u00e9 muito preocupante porque a doen\u00e7a representa um dos diagn\u00f3sticos mais frequentes entre as pessoas que tiram a pr\u00f3pria vida&#8221;.<\/p>\n\n\n\n<h2 class=\"wp-block-heading\">Depress\u00e3o \u00e9 doen\u00e7a<\/h2>\n\n\n\n<p>Cerca de 29% desses jovem tamb\u00e9m n\u00e3o v\u00eaem a depress\u00e3o como uma doen\u00e7a que pode ser tratada como as outras. Enquanto isso, entre os entrevistados com mais de 55 anos, a porcentagem tanto do reconhecimento da doen\u00e7a como da efici\u00eancia do tratamento caem em 11%.<\/p>\n\n\n\n<p>Em S\u00e3o Paulo, os dados foram ainda mais gritantes: 26% dos internautas n\u00e3o acreditam ou duvidam da chance de tratar a depress\u00e3o com sucesso. A situa\u00e7\u00e3o \u00e9 ainda mais preocupante entre os jovens de 13 a 17 anos.<\/p>\n\n\n\n<p>23% (1 a cada 5) n\u00e3o acredita que existam sintomas f\u00edsicos na depress\u00e3o, porque ela seria apenas &#8220;um momento de tristeza&#8221;. Al\u00e9m disso, 34% deles n\u00e3o tomariam\u00a0antidepressivos\u00a0se fossem prescritos por m\u00e9dicos. A porcentagem entre 18 e 24 anos \u00e9 de 23%.<\/p>\n\n\n\n<p>Essa resist\u00eancia tem a ver com o desconhecimento sobre os antidepressivos mais modernos. Mas &#8220;vale lembrar que estamos falando de uma doen\u00e7a de elevado potencial incapacitante, que pode ser associada a um desfecho tr\u00e1gico, que \u00e9 o suic\u00eddio, mas que pode e deve ser trata&#8221;, explica M\u00e1rjori.<\/p>\n\n\n\n<h2 class=\"wp-block-heading\">Antidepressivos funcionam?<\/h2>\n\n\n\n<p>Mais de 60% dos entrevistados mais jovens, de 13 a 24 anos, n\u00e3o sabem e\/ou duvidam sobre a efic\u00e1cia dos novos antidepressivos. Al\u00e9m disso, 1 em cada 4 acha que eles podem &#8220;viciar o organismo&#8221; ou\u00a0provocar o ganho de peso\u00a0e\u00a0diminui\u00e7\u00e3o da libido.<\/p>\n\n\n\n<p>Entretanto, &#8220;na verdade, tanto a falta de concentra\u00e7\u00e3o como a queda de libido podem ser sintomas do pr\u00f3prio quadro depressivo&#8221;, explica Elizabeth Bilevicius, l\u00edder m\u00e9dica Upjohn, divis\u00e3o da Pfizer focada em doen\u00e7as cr\u00f4nicas n\u00e3o-transmiss\u00edveis.<\/p>\n\n\n\n<h2 class=\"wp-block-heading\">Vergonha da depress\u00e3o<\/h2>\n\n\n\n<p>De acordo com a pesquisa, a desinforma\u00e7\u00e3o \u00e9 uma das causas que levam ao estigma e \u00e0 vergonha que o paciente sente tanto em admitir a doen\u00e7a quanto a falar do assunto.<\/p>\n\n\n\n<p>Essa condi\u00e7\u00e3o se estende \u00e0s pessoas do conv\u00edvio pr\u00f3ximo, mesmo amigos e fam\u00edlia. 39% dos jovens de 13 a 17 anos disseram que n\u00e3o falariam \u00e0 fam\u00edlia se recebesse um diagn\u00f3stico de depress\u00e3o. De 18 a 24 anos, 56% do grupo declarou que n\u00e3o falaria no trabalho ou na escola.<\/p>\n\n\n\n<p>Isso porque como os colegas n\u00e3o levam a depress\u00e3o \u00e0 s\u00e9rio, n\u00e3o acreditaria que a pessoa est\u00e1 realmente doente.<\/p>\n\n\n\n<h2 class=\"wp-block-heading\">Depress\u00e3o em homens<\/h2>\n\n\n\n<p>Os homens s\u00e3o a maior porcentagem dos casos de suic\u00eddio, influenciados por transtornos mentais, como a depress\u00e3o. Mas os tabus sobre a depress\u00e3o tamb\u00e9m se mostraram mais fortes entre eles. A maior parte n\u00e3o acredita que uma atitude positiva e alegria de viver s\u00e3o suficientes para vencer a doen\u00e7a.<\/p>\n\n\n\n<p>Um pouco menos da metade associa depress\u00e3o a um sinal de fraqueza ou de pouco for\u00e7a de vontade. Al\u00e9m disso, valorizam menos o suporte m\u00e9dico para o\u00a0tratamento\u00a0da doen\u00e7a. Acreditam mais no acompanhamento psicol\u00f3gico e na pr\u00e1tica de exerc\u00edcios.<\/p>\n\n\n\n<h2 class=\"wp-block-heading\">Depress\u00e3o: psiquiatra ou psic\u00f3logo?<\/h2>\n\n\n\n<p>Procurar ajuda do psiquiatra come\u00e7a a ganhar mais for\u00e7a entre os mais velhos, acima de 35 anos. Entretanto, a maior parte das pessoas procurariam primeiro o psic\u00f3logo. Segundo M\u00e1rjori, isso acontece justamente porque as pessoas subestimam a depress\u00e3o como doen\u00e7a.<\/p>\n\n\n\n<p>&#8220;Certamente, o psic\u00f3logo tem um papel muito importante no acompanhamento do paciente, mas o psiquiatra \u00e9 o profissional habilitado a estabelecer o diagn\u00f3stico e o tratamento m\u00e9dico adequado&#8221;, explica.<\/p>\n\n\n\n<h2 class=\"wp-block-heading\">Novo olhar sobre a Sa\u00fade Mental<\/h2>\n\n\n\n<p>As conclus\u00f5es da pesquisa &#8220;Depress\u00e3o, suic\u00eddio e tabu no Brasil: um novo olhar sobre a Sa\u00fade Mental&#8221;, feita com cerca de 2 mil brasileiros a partir dos 13 anos de idade, levou ao lan\u00e7amento da campanha: &#8220;Na Dire\u00e7\u00e3o da Vida &#8211; Depress\u00e3o sem Tabu&#8221;.<\/p>\n\n\n\n<p>O projeto est\u00e1 sendo conduzido pela Upjohn, uma divis\u00e3o focada em doen\u00e7as cr\u00f4nicas n\u00e3o-transmiss\u00edveis, e pela \u00e1rea de Medicina Interna da Pfizer. Tem apoio tamb\u00e9m da Associa\u00e7\u00e3o Brasileira de Familiares, Amigos e Portadores de Transtornos Afetivos (ABRATA) e conta com a participa\u00e7\u00e3o do Centro de Valoriza\u00e7\u00e3o da Vida (CVV).<\/p>\n\n\n\n<p>MinhaVida<\/p>\n\n\n\n<p><br><\/p>\n","protected":false},"excerpt":{"rendered":"<p>Pesquisa nacional do IBOPE revela que o tabu em rela\u00e7\u00e3o ao suic\u00eddio permanece mais forte entre jovens e homens Al\u00e9m de saberem pouco sobre\u00a0depress\u00e3o, os jovens brasileiros sentem vergonha de falar do assunto e n\u00e3o acreditam na import\u00e2ncia do tratamento, segundo pesquisa realizada pelo\u00a0IBOPE\u00a0em diferentes regi\u00f5es do Brasil. A doen\u00e7a pode levar ao\u00a0suic\u00eddio\u00a0e, de acordo [&hellip;]<\/p>\n","protected":false},"author":2,"featured_media":18759,"comment_status":"open","ping_status":"open","sticky":false,"template":"","format":"standard","meta":{"advanced_seo_description":"","jetpack_seo_html_title":"","jetpack_seo_noindex":false,"_jetpack_memberships_contains_paid_content":false,"footnotes":""},"categories":[50],"tags":[],"class_list":{"0":"post-18758","1":"post","2":"type-post","3":"status-publish","4":"format-standard","5":"has-post-thumbnail","7":"category-saude"},"jetpack_featured_media_url":"https:\/\/www.paranapraia.com.br\/wp-content\/uploads\/2019\/09\/depe3.jpg","jetpack_sharing_enabled":true,"_links":{"self":[{"href":"https:\/\/www.paranapraia.com.br\/index.php\/wp-json\/wp\/v2\/posts\/18758"}],"collection":[{"href":"https:\/\/www.paranapraia.com.br\/index.php\/wp-json\/wp\/v2\/posts"}],"about":[{"href":"https:\/\/www.paranapraia.com.br\/index.php\/wp-json\/wp\/v2\/types\/post"}],"author":[{"embeddable":true,"href":"https:\/\/www.paranapraia.com.br\/index.php\/wp-json\/wp\/v2\/users\/2"}],"replies":[{"embeddable":true,"href":"https:\/\/www.paranapraia.com.br\/index.php\/wp-json\/wp\/v2\/comments?post=18758"}],"version-history":[{"count":1,"href":"https:\/\/www.paranapraia.com.br\/index.php\/wp-json\/wp\/v2\/posts\/18758\/revisions"}],"predecessor-version":[{"id":18760,"href":"https:\/\/www.paranapraia.com.br\/index.php\/wp-json\/wp\/v2\/posts\/18758\/revisions\/18760"}],"wp:featuredmedia":[{"embeddable":true,"href":"https:\/\/www.paranapraia.com.br\/index.php\/wp-json\/wp\/v2\/media\/18759"}],"wp:attachment":[{"href":"https:\/\/www.paranapraia.com.br\/index.php\/wp-json\/wp\/v2\/media?parent=18758"}],"wp:term":[{"taxonomy":"category","embeddable":true,"href":"https:\/\/www.paranapraia.com.br\/index.php\/wp-json\/wp\/v2\/categories?post=18758"},{"taxonomy":"post_tag","embeddable":true,"href":"https:\/\/www.paranapraia.com.br\/index.php\/wp-json\/wp\/v2\/tags?post=18758"}],"curies":[{"name":"wp","href":"https:\/\/api.w.org\/{rel}","templated":true}]}}