{"id":18755,"date":"2019-09-02T16:10:43","date_gmt":"2019-09-02T19:10:43","guid":{"rendered":"https:\/\/www.paranapraia.com.br\/?p=18755"},"modified":"2019-09-02T16:10:50","modified_gmt":"2019-09-02T19:10:50","slug":"cliente-armado-da-coronhada-em-seguranca-de-mercado-apos-tentar-trocar-produto","status":"publish","type":"post","link":"https:\/\/www.paranapraia.com.br\/index.php\/2019\/09\/02\/cliente-armado-da-coronhada-em-seguranca-de-mercado-apos-tentar-trocar-produto\/","title":{"rendered":"Cliente armado d\u00e1 coronhada em seguran\u00e7a de mercado ap\u00f3s tentar trocar produto"},"content":{"rendered":"\n<p>m desentendimento entre um cliente e o seguran\u00e7a de um hipermercado na Avenida Paran\u00e1, no bairro&nbsp;<strong>Cabral<\/strong>, em Curitiba, deixou uma pessoa ferida na cabe\u00e7a.<\/p>\n\n\n\n<p>Segundo informa\u00e7\u00f5es apuradas pela reportagem da Tribuna do Paran\u00e1, o cliente entrou,&nbsp;armado com um rev\u00f3lver, para trocar um produto. Depois disso, aconteceu uma discuss\u00e3o entre o cliente e o seguran\u00e7a, que acabou&nbsp;agredido com uma coronhada na cabe\u00e7a.<\/p>\n\n\n\n<p>\u201cA primeira informa\u00e7\u00e3o era que tinha ocorrido um assalto, mas a\u00ed a Pol\u00edcia Militar j\u00e1 tinha controlado a situa\u00e7\u00e3o. O ferido est\u00e1 bem, mas iremos lev\u00e1-lo ao hospital para uma melhor avalia\u00e7\u00e3o\u201d, relatou o cabo Rodrigo Migliori do Corpo de Bombeiros.<\/p>\n\n\n\n<p>O autor da coronhada fugiu pela Avenida Paran\u00e1 e est\u00e1 sendo procurado pela Pol\u00edcia Militar.<\/p>\n\n\n\n<figure class=\"wp-block-image\"><img decoding=\"async\" src=\"https:\/\/www.tribunapr.com.br\/wp-content\/uploads\/sites\/1\/2019\/09\/agressao1-1110x685.jpg?a86372\" alt=\"Foto: Gerson Klaina\/Tribuna do Paran\u00e1.\" class=\"wp-image-3018939\"\/><\/figure>\n\n\n\n<p>TribunaPr<\/p>\n","protected":false},"excerpt":{"rendered":"<p>m desentendimento entre um cliente e o seguran\u00e7a de um hipermercado na Avenida Paran\u00e1, no bairro&nbsp;Cabral, em Curitiba, deixou uma pessoa ferida na cabe\u00e7a. Segundo informa\u00e7\u00f5es apuradas pela reportagem da Tribuna do Paran\u00e1, o cliente entrou,&nbsp;armado com um rev\u00f3lver, para trocar um produto. Depois disso, aconteceu uma discuss\u00e3o entre o cliente e o seguran\u00e7a, que [&hellip;]<\/p>\n","protected":false},"author":2,"featured_media":18756,"comment_status":"open","ping_status":"open","sticky":false,"template":"","format":"standard","meta":{"advanced_seo_description":"","jetpack_seo_html_title":"","jetpack_seo_noindex":false,"_jetpack_memberships_contains_paid_content":false,"footnotes":""},"categories":[42],"tags":[],"class_list":{"0":"post-18755","1":"post","2":"type-post","3":"status-publish","4":"format-standard","5":"has-post-thumbnail","7":"category-cidades"},"jetpack_featured_media_url":"https:\/\/www.paranapraia.com.br\/wp-content\/uploads\/2019\/09\/slate.jpg","jetpack_sharing_enabled":true,"_links":{"self":[{"href":"https:\/\/www.paranapraia.com.br\/index.php\/wp-json\/wp\/v2\/posts\/18755"}],"collection":[{"href":"https:\/\/www.paranapraia.com.br\/index.php\/wp-json\/wp\/v2\/posts"}],"about":[{"href":"https:\/\/www.paranapraia.com.br\/index.php\/wp-json\/wp\/v2\/types\/post"}],"author":[{"embeddable":true,"href":"https:\/\/www.paranapraia.com.br\/index.php\/wp-json\/wp\/v2\/users\/2"}],"replies":[{"embeddable":true,"href":"https:\/\/www.paranapraia.com.br\/index.php\/wp-json\/wp\/v2\/comments?post=18755"}],"version-history":[{"count":1,"href":"https:\/\/www.paranapraia.com.br\/index.php\/wp-json\/wp\/v2\/posts\/18755\/revisions"}],"predecessor-version":[{"id":18757,"href":"https:\/\/www.paranapraia.com.br\/index.php\/wp-json\/wp\/v2\/posts\/18755\/revisions\/18757"}],"wp:featuredmedia":[{"embeddable":true,"href":"https:\/\/www.paranapraia.com.br\/index.php\/wp-json\/wp\/v2\/media\/18756"}],"wp:attachment":[{"href":"https:\/\/www.paranapraia.com.br\/index.php\/wp-json\/wp\/v2\/media?parent=18755"}],"wp:term":[{"taxonomy":"category","embeddable":true,"href":"https:\/\/www.paranapraia.com.br\/index.php\/wp-json\/wp\/v2\/categories?post=18755"},{"taxonomy":"post_tag","embeddable":true,"href":"https:\/\/www.paranapraia.com.br\/index.php\/wp-json\/wp\/v2\/tags?post=18755"}],"curies":[{"name":"wp","href":"https:\/\/api.w.org\/{rel}","templated":true}]}}