{"id":18203,"date":"2019-08-27T09:27:02","date_gmt":"2019-08-27T12:27:02","guid":{"rendered":"https:\/\/www.paranapraia.com.br\/?p=18203"},"modified":"2019-08-27T09:27:03","modified_gmt":"2019-08-27T12:27:03","slug":"parque-em-sp-vai-trocar-especie-exotica-por-nativas","status":"publish","type":"post","link":"https:\/\/www.paranapraia.com.br\/index.php\/2019\/08\/27\/parque-em-sp-vai-trocar-especie-exotica-por-nativas\/","title":{"rendered":"Parque em SP vai trocar esp\u00e9cie ex\u00f3tica por nativas"},"content":{"rendered":"\n<h4 class=\"wp-block-heading\">Esp\u00e9cie prejudica desenvolvimento de flora original.<br><\/h4>\n\n\n\n<p>Um projeto da Secretaria do Verde e do Meio Ambiente da capital paulista visa resolver um problema que j\u00e1 h\u00e1 muito tempo \u00e9 motivo de debates: a presen\u00e7a da esp\u00e9cie Seaf\u00f3rtia (<em>Archontophoenix cunninghamii<\/em>) no Parque Trianon. Mais conhecida como palmeira australiana ou palmeira-real, ela \u00e9 esteticamente bonita e foi plantada como parte de projetos paisag\u00edsticos. O problema \u00e9 que inibe o desenvolvimento de esp\u00e9cies nativas.<\/p>\n\n\n\n<p>De grande porte, chegando a 10 metros de altura, a Seaf\u00f3rtia \u201cprovoca muitos danos ambientais devido ao seu crescimento r\u00e1pido, \u00e0 intensa competi\u00e7\u00e3o com outras plantas e \u00e0 sua sombra excessiva que prejudica a germina\u00e7\u00e3o das esp\u00e9cies nativas\u201d, avalia a secretaria. Para se ter uma ideia do impacto e de sua capacidade de reprodu\u00e7\u00e3o, cada cacho da \u00e1rvore possui cerca de quatro mil sementes.<\/p>\n\n\n\n<p>A esp\u00e9cie \u00e9 chamada de ex\u00f3tica por n\u00e3o ser nativa, vinda da Austr\u00e1lia, e invasora por comprometer a flora original. O projeto segue o exemplo da USP que, em 2011, substituiu esta mesma esp\u00e9cie por 120 esp\u00e9cies nativas de Mata Atl\u00e2ntica. Na \u00e9poca, cientistas do Instituto de Bioci\u00eancias haviam constatado que ela prejudicava \u00e0 flora nativa.<\/p>\n\n\n\n<figure class=\"wp-block-image\"><a href=\"https:\/\/cdn-cv.r4you.co\/wp-content\/uploads\/2019\/08\/Archontophoenix-cunninghamii.jpg\" target=\"_blank\" rel=\"noreferrer noopener\"><img decoding=\"async\" src=\"https:\/\/cdn-cv.r4you.co\/wp-content\/uploads\/2019\/08\/parque-trianon-vista-aerea-1024x768.jpg\" alt=\"\" class=\"wp-image-68689\"\/><\/a><figcaption>Foto:&nbsp;<a href=\"https:\/\/commons.wikimedia.org\/wiki\/File:Jardim_Paulista_e_Cerqueira.jpg\" target=\"_blank\" rel=\"noreferrer noopener\">Wikimedia Commons<\/a><\/figcaption><\/figure>\n\n\n\n<p>A decis\u00e3o foi anunciada desde 2017, mas agora \u00e9 que come\u00e7aram os treinamentos para come\u00e7ar a retirada. Enquanto isso, o Conselho Gestor do Parque vai conscientizar a popula\u00e7\u00e3o do entorno. Segundo a prefeitura, ser\u00e3o removidas as cerca de 750 palmeiras existentes no Parque Trianon. O plano de retirada completa e substitui\u00e7\u00e3o por \u00e1rvores nativas da Mata Atl\u00e2ntica estipula o prazo de dois anos para ser conclu\u00eddo.&nbsp;<\/p>\n\n\n\n<p>O Parque Trianon est\u00e1 em frente ao Masp e \u00e9 uma pequena selva em meio aos arranha-c\u00e9us de S\u00e3o Paulo.<\/p>\n\n\n\n<p>CicloVivo<\/p>\n","protected":false},"excerpt":{"rendered":"<p>Esp\u00e9cie prejudica desenvolvimento de flora original. Um projeto da Secretaria do Verde e do Meio Ambiente da capital paulista visa resolver um problema que j\u00e1 h\u00e1 muito tempo \u00e9 motivo de debates: a presen\u00e7a da esp\u00e9cie Seaf\u00f3rtia (Archontophoenix cunninghamii) no Parque Trianon. Mais conhecida como palmeira australiana ou palmeira-real, ela \u00e9 esteticamente bonita e foi [&hellip;]<\/p>\n","protected":false},"author":2,"featured_media":18204,"comment_status":"open","ping_status":"open","sticky":false,"template":"","format":"standard","meta":{"advanced_seo_description":"","jetpack_seo_html_title":"","jetpack_seo_noindex":false,"_jetpack_memberships_contains_paid_content":false,"footnotes":""},"categories":[43],"tags":[],"class_list":{"0":"post-18203","1":"post","2":"type-post","3":"status-publish","4":"format-standard","5":"has-post-thumbnail","7":"category-cotidiano"},"jetpack_featured_media_url":"https:\/\/www.paranapraia.com.br\/wp-content\/uploads\/2019\/08\/palmeir.jpg","jetpack_sharing_enabled":true,"_links":{"self":[{"href":"https:\/\/www.paranapraia.com.br\/index.php\/wp-json\/wp\/v2\/posts\/18203"}],"collection":[{"href":"https:\/\/www.paranapraia.com.br\/index.php\/wp-json\/wp\/v2\/posts"}],"about":[{"href":"https:\/\/www.paranapraia.com.br\/index.php\/wp-json\/wp\/v2\/types\/post"}],"author":[{"embeddable":true,"href":"https:\/\/www.paranapraia.com.br\/index.php\/wp-json\/wp\/v2\/users\/2"}],"replies":[{"embeddable":true,"href":"https:\/\/www.paranapraia.com.br\/index.php\/wp-json\/wp\/v2\/comments?post=18203"}],"version-history":[{"count":1,"href":"https:\/\/www.paranapraia.com.br\/index.php\/wp-json\/wp\/v2\/posts\/18203\/revisions"}],"predecessor-version":[{"id":18205,"href":"https:\/\/www.paranapraia.com.br\/index.php\/wp-json\/wp\/v2\/posts\/18203\/revisions\/18205"}],"wp:featuredmedia":[{"embeddable":true,"href":"https:\/\/www.paranapraia.com.br\/index.php\/wp-json\/wp\/v2\/media\/18204"}],"wp:attachment":[{"href":"https:\/\/www.paranapraia.com.br\/index.php\/wp-json\/wp\/v2\/media?parent=18203"}],"wp:term":[{"taxonomy":"category","embeddable":true,"href":"https:\/\/www.paranapraia.com.br\/index.php\/wp-json\/wp\/v2\/categories?post=18203"},{"taxonomy":"post_tag","embeddable":true,"href":"https:\/\/www.paranapraia.com.br\/index.php\/wp-json\/wp\/v2\/tags?post=18203"}],"curies":[{"name":"wp","href":"https:\/\/api.w.org\/{rel}","templated":true}]}}