{"id":18192,"date":"2019-08-27T09:04:59","date_gmt":"2019-08-27T12:04:59","guid":{"rendered":"https:\/\/www.paranapraia.com.br\/?p=18192"},"modified":"2019-08-27T09:05:00","modified_gmt":"2019-08-27T12:05:00","slug":"tiroteio-acaba-com-suspeito-morto-pela-policia-em-nos-campos-gerais","status":"publish","type":"post","link":"https:\/\/www.paranapraia.com.br\/index.php\/2019\/08\/27\/tiroteio-acaba-com-suspeito-morto-pela-policia-em-nos-campos-gerais\/","title":{"rendered":"Tiroteio acaba com suspeito morto pela pol\u00edcia em nos Campos Gerais"},"content":{"rendered":"\n<h4 class=\"wp-block-heading\">At\u00e9 a publica\u00e7\u00e3o desta mat\u00e9ria, a identidade do homem morto n\u00e3o tinha sido revelada pelo Instituto M\u00e9dico-Legal (IML) de Ponta Grossa<\/h4>\n\n\n\n<p>Um rapaz morreu e outros dois conseguiram fugir em uma troca de tiros com a Pol\u00edcia Militar de Castro (regi\u00e3o dos Campos Gerais) nesta segunda-feira (26). O tiroteio aconteceu na estrada principal da localidade de Rio de Dentro, \u00e1rea rural do munic\u00edpio. At\u00e9 a publica\u00e7\u00e3o desta mat\u00e9ria, a identidade do homem morto n\u00e3o tinha sido revelada pelo Instituto M\u00e9dico-Legal (IML) de Ponta Grossa.<\/p>\n\n\n\n<p>Tiroteio aconteceu a partir de abordagem a caminhonete furtada Foto: Arquivo aRede<\/p>\n\n\n\n<p>De acordo com a PM, o confronto aconteceu a partir da tentativa de abordagem dos policiais a uma Toyota Bandeirantes que tinha sido furtada durante a manh\u00e3. Tr\u00eas pessoas estavam no ve\u00edculo e o motorista acelerou quando viu a aproxima\u00e7\u00e3o da viatura. Durante a persegui\u00e7\u00e3o, houve troca de tiros e um dos suspeitos morreu ainda no local do confronto. Os fugitivos tamb\u00e9m n\u00e3o foram identificados.<\/p>\n\n\n\n<p>Os policiais apreenderam um rev\u00f3lver calibre 32 com muni\u00e7\u00f5es. A Pol\u00edcia Cient\u00edfica fez a per\u00edcia do local e a Pol\u00edcia Civil acompanhou o andamento da situa\u00e7\u00e3o. O corpo do suspeito foi encaminhado ao IML.<\/p>\n\n\n\n<p>Para mais informa\u00e7\u00f5es sobre os Campos Gerais acesse o Portal A Rede\u00a0<strong>clicando aqui.<\/strong><\/p>\n\n\n\n<p>BandaB<\/p>\n","protected":false},"excerpt":{"rendered":"<p>At\u00e9 a publica\u00e7\u00e3o desta mat\u00e9ria, a identidade do homem morto n\u00e3o tinha sido revelada pelo Instituto M\u00e9dico-Legal (IML) de Ponta Grossa Um rapaz morreu e outros dois conseguiram fugir em uma troca de tiros com a Pol\u00edcia Militar de Castro (regi\u00e3o dos Campos Gerais) nesta segunda-feira (26). O tiroteio aconteceu na estrada principal da localidade [&hellip;]<\/p>\n","protected":false},"author":2,"featured_media":18193,"comment_status":"open","ping_status":"open","sticky":false,"template":"","format":"standard","meta":{"advanced_seo_description":"","jetpack_seo_html_title":"","jetpack_seo_noindex":false,"_jetpack_memberships_contains_paid_content":false,"footnotes":""},"categories":[33],"tags":[],"class_list":{"0":"post-18192","1":"post","2":"type-post","3":"status-publish","4":"format-standard","5":"has-post-thumbnail","7":"category-policia"},"jetpack_featured_media_url":"https:\/\/www.paranapraia.com.br\/wp-content\/uploads\/2019\/08\/news_interna_recorte1.jpg","jetpack_sharing_enabled":true,"_links":{"self":[{"href":"https:\/\/www.paranapraia.com.br\/index.php\/wp-json\/wp\/v2\/posts\/18192"}],"collection":[{"href":"https:\/\/www.paranapraia.com.br\/index.php\/wp-json\/wp\/v2\/posts"}],"about":[{"href":"https:\/\/www.paranapraia.com.br\/index.php\/wp-json\/wp\/v2\/types\/post"}],"author":[{"embeddable":true,"href":"https:\/\/www.paranapraia.com.br\/index.php\/wp-json\/wp\/v2\/users\/2"}],"replies":[{"embeddable":true,"href":"https:\/\/www.paranapraia.com.br\/index.php\/wp-json\/wp\/v2\/comments?post=18192"}],"version-history":[{"count":1,"href":"https:\/\/www.paranapraia.com.br\/index.php\/wp-json\/wp\/v2\/posts\/18192\/revisions"}],"predecessor-version":[{"id":18194,"href":"https:\/\/www.paranapraia.com.br\/index.php\/wp-json\/wp\/v2\/posts\/18192\/revisions\/18194"}],"wp:featuredmedia":[{"embeddable":true,"href":"https:\/\/www.paranapraia.com.br\/index.php\/wp-json\/wp\/v2\/media\/18193"}],"wp:attachment":[{"href":"https:\/\/www.paranapraia.com.br\/index.php\/wp-json\/wp\/v2\/media?parent=18192"}],"wp:term":[{"taxonomy":"category","embeddable":true,"href":"https:\/\/www.paranapraia.com.br\/index.php\/wp-json\/wp\/v2\/categories?post=18192"},{"taxonomy":"post_tag","embeddable":true,"href":"https:\/\/www.paranapraia.com.br\/index.php\/wp-json\/wp\/v2\/tags?post=18192"}],"curies":[{"name":"wp","href":"https:\/\/api.w.org\/{rel}","templated":true}]}}