{"id":18186,"date":"2019-08-27T09:00:03","date_gmt":"2019-08-27T12:00:03","guid":{"rendered":"https:\/\/www.paranapraia.com.br\/?p=18186"},"modified":"2019-08-27T09:00:05","modified_gmt":"2019-08-27T12:00:05","slug":"queimadas-na-amazonia-enquanto-bolsonaro-critica-oferta-do-g7-ministro-da-defesa-diz-que-toda-ajuda-e-bem-vinda","status":"publish","type":"post","link":"https:\/\/www.paranapraia.com.br\/index.php\/2019\/08\/27\/queimadas-na-amazonia-enquanto-bolsonaro-critica-oferta-do-g7-ministro-da-defesa-diz-que-toda-ajuda-e-bem-vinda\/","title":{"rendered":"Queimadas na Amaz\u00f4nia: enquanto Bolsonaro critica oferta do G7, ministro da Defesa diz que &#8216;toda ajuda \u00e9 bem-vinda&#8217;"},"content":{"rendered":"\n<p><\/p>\n\n\n\n<p>A eventual ajuda de outros pa\u00edses no combate a inc\u00eandios na Amaz\u00f4nia n\u00e3o afeta a soberania nacional, na avalia\u00e7\u00e3o do ministro da Defesa, Fernando Azevedo e Silva.<\/p>\n\n\n\n<p>Enquanto o presidente Jair Bolsonaro diz que h\u00e1 &#8220;inten\u00e7\u00f5es atr\u00e1s da ideia de uma alian\u00e7a&#8221; para ajudar no combate ao fogo na Amaz\u00f4nia, o ministro disse em entrevista \u00e0 BBC News Brasil que &#8220;toda ajuda \u00e9 bem-vinda&#8221;, ao comentar a possibilidade de apoio t\u00e9cnico de outros pa\u00edses.<\/p>\n\n\n\n<p>&#8220;Ajuda no combate ao inc\u00eandio n\u00e3o afeta (soberania nacional)&#8221;, afirmou. &#8220;N\u00e3o \u00e9 inger\u00eancia, \u00e9 quest\u00e3o de ajuda t\u00e9cnica.&#8221;<\/p>\n\n\n\n<p>Azevedo e Silva disse que o governo &#8220;est\u00e1 avaliando a necessidade&#8221; de ajuda internacional e n\u00e3o comentou propostas espec\u00edficas.<\/p>\n\n\n\n<p>Para ele, no entanto, houve &#8220;um exagero&#8221; e &#8220;uma cr\u00edtica muito forte&#8221; na repercuss\u00e3o internacional das queimadas na Amaz\u00f4nia. &#8220;Houve per\u00edodos de queimadas maiores que o atual&#8221;, disse<a href=\"https:\/\/www.bbc.com\/portuguese\/brasil-49472986#skip-recommendations\">.<\/a><\/p>\n\n\n\n<p>O ministro concedeu entrevista por telefone \u00e0 BBC News Brasil, antes de reuni\u00e3o de coordena\u00e7\u00e3o da atua\u00e7\u00e3o das For\u00e7as Armadas na Amaz\u00f4nia, na manh\u00e3 desta segunda-feira (26).<\/p>\n\n\n\n<p>At\u00e9 aquele momento, Bolsonaro ainda n\u00e3o havia publicado a mensagem no Twitter em que menciona &#8220;inten\u00e7\u00f5es&#8221; do G7.<\/p>\n\n\n\n<p>&#8220;N\u00e3o podemos aceitar que um presidente, Macron, dispare ataques descabidos e gratuitos \u00e0 Amaz\u00f4nia, nem que disfarce suas inten\u00e7\u00f5es atr\u00e1s da ideia de uma &#8220;alian\u00e7a&#8221; dos pa\u00edses do G-7 para &#8220;salvar&#8221; a Amaz\u00f4nia, como se f\u00f4ssemos uma col\u00f4nia ou uma terra de ningu\u00e9m&#8221;, escreveu Bolsonaro na rede social.<\/p>\n\n\n\n<p>No Pal\u00e1cio da Alvorada, Bolsonaro tamb\u00e9m fez cr\u00edticas e deu a entender que o G7 queria algo em troca por ajudar a Amaz\u00f4nia.<\/p>\n\n\n\n<p>&#8220;Macron promete ajuda de pa\u00edses ricos \u00e0 Amaz\u00f4nia. Ser\u00e1 que algu\u00e9m ajuda algu\u00e9m, a n\u00e3o ser uma pessoa pobre, n\u00e9, sem retorno? Quem \u00e9 que est\u00e1 de olho na Amaz\u00f4nia? O que eles querem l\u00e1?&#8221;, afirmou \u00e0 imprensa.<\/p>\n\n\n\n<p>Nesta segunda-feira, a c\u00fapula do G7 chegou a um acordo para oferecer ajuda no combater \u00e0s queimadas na Floresta Amaz\u00f4nica.<\/p>\n\n\n\n<p>Os l\u00edderes do grupo &#8211; formado por Alemanha, Canad\u00e1, Estados Unidos, Fran\u00e7a, It\u00e1lia, Jap\u00e3o e Reino Unido &#8211; concordaram em liberar 20 milh\u00f5es de euros (cerca de R$ 91 milh\u00f5es) para a Amaz\u00f4nia.<\/p>\n\n\n\n<figure class=\"wp-block-image\"><img decoding=\"async\" src=\"https:\/\/ichef.bbci.co.uk\/news\/624\/cpsprodpb\/15369\/production\/_108498868_tv055978900.jpg\" alt=\"Bombeiros de Porto Velho combatem chamas em Rond\u00f4nia\"\/><figcaption>Image captionHouve aumento de mais de 80% nos focos de inc\u00eandio na Amaz\u00f4nia em compara\u00e7\u00e3o com 2018, segundo o Instituto Nacional de Pesquisas Espaciais (Inpe)<\/figcaption><\/figure>\n\n\n\n<h2 class=\"wp-block-heading\">Militares na Amaz\u00f4nia<\/h2>\n\n\n\n<p>Questionado sobre ajudas externas que poderiam ser \u00fateis, Azevedo e Silva mencionou que as For\u00e7as Armadas est\u00e3o atuando com duas aeronaves pr\u00f3prias para combater inc\u00eandios (C-130 H\u00e9rcules) e que poderia ser interessante ter refor\u00e7o de equipes especializadas no combate ao fogo.<\/p>\n\n\n\n<p>O ministro lembrou que 43 mil integrantes das For\u00e7as Armadas j\u00e1 est\u00e3o na regi\u00e3o da Amaz\u00f4nia Legal.<\/p>\n\n\n\n<p>Na sexta-feira, depois de press\u00e3o internacional por causa dos inc\u00eandios na Amaz\u00f4nia, Bolsonaro autorizou o emprego de militares em uma opera\u00e7\u00e3o de Garantia da Lei e da Ordem (GLO) para combater as queimadas.<\/p>\n\n\n\n<p>Segundo o Minist\u00e9rio da Defesa, at\u00e9 a noite de domingo, sete Estados que comp\u00f5em a Amaz\u00f4nia Legal tiveram autorizada a solicita\u00e7\u00e3o, pelo Pal\u00e1cio do Planalto, para emprego da Garantia da Lei e da Ordem Ambiental &#8211; Acre, Amazonas, Mato Grosso, Par\u00e1, Rond\u00f4nia, Roraima e Tocantins.<\/p>\n\n\n\n<p>BBC<\/p>\n","protected":false},"excerpt":{"rendered":"<p>A eventual ajuda de outros pa\u00edses no combate a inc\u00eandios na Amaz\u00f4nia n\u00e3o afeta a soberania nacional, na avalia\u00e7\u00e3o do ministro da Defesa, Fernando Azevedo e Silva. Enquanto o presidente Jair Bolsonaro diz que h\u00e1 &#8220;inten\u00e7\u00f5es atr\u00e1s da ideia de uma alian\u00e7a&#8221; para ajudar no combate ao fogo na Amaz\u00f4nia, o ministro disse em entrevista [&hellip;]<\/p>\n","protected":false},"author":2,"featured_media":18187,"comment_status":"open","ping_status":"open","sticky":false,"template":"","format":"standard","meta":{"advanced_seo_description":"","jetpack_seo_html_title":"","jetpack_seo_noindex":false,"_jetpack_memberships_contains_paid_content":false,"footnotes":""},"categories":[32],"tags":[],"class_list":{"0":"post-18186","1":"post","2":"type-post","3":"status-publish","4":"format-standard","5":"has-post-thumbnail","7":"category-politica"},"jetpack_featured_media_url":"https:\/\/www.paranapraia.com.br\/wp-content\/uploads\/2019\/08\/temsim.jpg","jetpack_sharing_enabled":true,"_links":{"self":[{"href":"https:\/\/www.paranapraia.com.br\/index.php\/wp-json\/wp\/v2\/posts\/18186"}],"collection":[{"href":"https:\/\/www.paranapraia.com.br\/index.php\/wp-json\/wp\/v2\/posts"}],"about":[{"href":"https:\/\/www.paranapraia.com.br\/index.php\/wp-json\/wp\/v2\/types\/post"}],"author":[{"embeddable":true,"href":"https:\/\/www.paranapraia.com.br\/index.php\/wp-json\/wp\/v2\/users\/2"}],"replies":[{"embeddable":true,"href":"https:\/\/www.paranapraia.com.br\/index.php\/wp-json\/wp\/v2\/comments?post=18186"}],"version-history":[{"count":1,"href":"https:\/\/www.paranapraia.com.br\/index.php\/wp-json\/wp\/v2\/posts\/18186\/revisions"}],"predecessor-version":[{"id":18188,"href":"https:\/\/www.paranapraia.com.br\/index.php\/wp-json\/wp\/v2\/posts\/18186\/revisions\/18188"}],"wp:featuredmedia":[{"embeddable":true,"href":"https:\/\/www.paranapraia.com.br\/index.php\/wp-json\/wp\/v2\/media\/18187"}],"wp:attachment":[{"href":"https:\/\/www.paranapraia.com.br\/index.php\/wp-json\/wp\/v2\/media?parent=18186"}],"wp:term":[{"taxonomy":"category","embeddable":true,"href":"https:\/\/www.paranapraia.com.br\/index.php\/wp-json\/wp\/v2\/categories?post=18186"},{"taxonomy":"post_tag","embeddable":true,"href":"https:\/\/www.paranapraia.com.br\/index.php\/wp-json\/wp\/v2\/tags?post=18186"}],"curies":[{"name":"wp","href":"https:\/\/api.w.org\/{rel}","templated":true}]}}