{"id":18174,"date":"2019-08-27T08:53:52","date_gmt":"2019-08-27T11:53:52","guid":{"rendered":"https:\/\/www.paranapraia.com.br\/?p=18174"},"modified":"2019-08-27T08:53:54","modified_gmt":"2019-08-27T11:53:54","slug":"policia-civil-ja-apreendeu-mais-de-500-animais-silvestres-em-2019","status":"publish","type":"post","link":"https:\/\/www.paranapraia.com.br\/index.php\/2019\/08\/27\/policia-civil-ja-apreendeu-mais-de-500-animais-silvestres-em-2019\/","title":{"rendered":"Pol\u00edcia Civil j\u00e1 apreendeu mais de 500 animais silvestres em 2019"},"content":{"rendered":"\n<p>ano agitado em 2019. Segundo o delegado Matheus Laiola, mais de 500 animais silvestres j\u00e1 foram resgatados\/apreendidos apenas neste ano em Curitiba e regi\u00e3o metropolitana. O caso mais recente foi registrado nesta segunda-feira (26), quando tr\u00eas aranhas tar\u00e2ntulas, cinco cobras (duas p\u00edtons, duas cobras-papagaio e uma sua\u00e7uboia) e uma coruja foram apreendidas no bairro S\u00e3o Gabriel, em Colombo.<\/p>\n\n\n\n<p>Na ocorr\u00eancia, um rapaz de 21 anos, que trabalha numa grande rede de pet shop, acabou sendo detido. Ele foi autuado por manter animal silvestre em cativeiro, crime que pode lhe render, se condenado, at\u00e9 um ano de pris\u00e3o, al\u00e9m do pagamento de multa. J\u00e1 os animais apreendidos foram encaminhados ao Centro de Apoio \u00e0 Fauna Silvestre, que possui conv\u00eanio com o Instituto Ambiental do Paran\u00e1 (IAP) para fins de tutela desses animais.<\/p>\n\n\n\n<p>Os animais apreendidos, explica Laiola, provavelmente foram comprados no mercado paralelo, uma vez que n\u00e3o tinham documenta\u00e7\u00e3o e o rapaz n\u00e3o possu\u00eda autoriza\u00e7\u00e3o do Ibama. \u201cNesse caso, excepcionalmente, eles (animais) estavam bem. Era um local pequeno, mas n\u00e3o havia os maus tratos. Deveria ser um local maior, mas n\u00e3o estavam sem comer ou coisa do tipo\u201d, explica Laiola.<\/p>\n\n\n\n<p>Ainda segundo o delegado, durante as opera\u00e7\u00f5es deste ano a pol\u00edcia j\u00e1 se deparou comanimais oriundos dos Estados Unidos, da floresta Amaz\u00f4nica e de diversas outras localidades. \u201cCada situa\u00e7\u00e3o tem sua peculiaridade. Nesse caso, ainda n\u00e3o sabemos de onde vieram os animais, mas at\u00e9 o final da investiga\u00e7\u00e3o vamos descobrir. Ele tem uma cobra avaliada em R$ 15 mil e uma coruja linda avaliada em R$ 2 mil\u201d, afirma.<\/p>\n\n\n\n<p>Ao menos por enquanto, contudo, n\u00e3o h\u00e1 ind\u00edcios da atua\u00e7\u00e3o de uma grande organiza\u00e7\u00e3o criminosa voltada para o tr\u00e1fico de animais na cidade, mas sim alguns pequenos grupos que atuam \u00e0 margem da lei e lucram \u2013 e muito \u2013 com o tr\u00e1fico. \u201cEles disseminam em rede social, internet, grupos de Whatsapp.N\u00e3o existe uma grande organiza\u00e7\u00e3o, mas pequenos grupos que vivem disso. Um macaco prego, por exemplo, pode ser vendido por mais de R$ 50 mil.\u201d<\/p>\n\n\n\n<p>Embora afirme que n\u00e3o exista uma esp\u00e9cie ou um tipo de animal que possa ser apontado como mais visado pelos traficantes, Laiola ressalta que nos \u00faltimos tempos t\u00eam chamado a aten\u00e7\u00e3o os casos envolvendo a cobra p\u00edton. \u201cA gente tem apreendido bastante p\u00edton, uma serpente. Esses tempos (em abril) apreendemos uma de quase seis metros de comprimento. Na opera\u00e7\u00e3o de hoje, apreendemos outra com quatro metros.\u201d<br><br><strong>Com diversidade de esp\u00e9cies, Brasil \u00e9 um dos alvos de traficantes<\/strong><\/p>\n\n\n\n<p>De acordo com a Rede Nacional contra o Tr\u00e1fico de Animais Silvestres (RENCTAS), o Brasil \u00e9 hoje um dos principais alvos dos traficantes da fauna silvestre devido a sua imensa biodiversidade &#8211; o pa\u00eds abriga 10% dos 1,4 milh\u00f5es de seres vivos catalogados no planeta. Mundialmente, aponta ainda a rede, o tr\u00e1fico de animais movimenta de 10 a 20 bilh\u00f5es de d\u00f3lares por ano, o que coloca o tr\u00e1fico de animais como a terceira maior atividae il\u00edcita do mundo, atr\u00e1s apenas do tr\u00e1fico de drogas e de armas.<\/p>\n\n\n\n<p>Ainda de acordo com o Renctas, h\u00e1 no territ\u00f3rio nacional quadrilhas organizadas e especializadas nesse tipo de tr\u00e1fico, com atua\u00e7\u00e3o mais forte, principalmente, em lugares que h\u00e1 grande biodiversidade e baixo desenvolvimento social-econ\u00f4mico &#8211; casos,por exemplo, da regi\u00e3o Norte, Nordeste e do Pantanal. Os capturadores ou ca\u00e7adores, inclusive, costumam ser pessoas muito pobres que conhecem o habitat dos animais, diz o Renctas. Depois de capturado, por\u00e9m, o animal ainda passa por v\u00e1rios intermedi\u00e1rios at\u00e9 chegar aos grandes comerciantes, que ficam principalmente, no eixo Rio \u2013 S\u00e3o Paulo.<\/p>\n\n\n\n<p><strong>Animais s\u00e3o vendidos por at\u00e9 R$ 240 mil no mercado paralelo<\/strong><\/p>\n\n\n\n<p>Um estudo do RENCTAS ainda mostra que o tr\u00e1fico da fauna silvestre brasileira se divide em tr\u00eas objetivos distintos. Um deles \u00e9 a captura de animais para colecionadores particulares e zool\u00f3gicos, considerado o mais cruel dos tipos de tr\u00e1fico da vida selvagem, j\u00e1 que prioriza esp\u00e9ciesmais amea\u00e7adas de extin\u00e7\u00e3o \u2014 quanto mais raro o animal, maior o seu valor de mercado. Uma arara-azul-de-lear, por exemplo, \u00e9 avaliada em US$ 60 mil d\u00f3lares (cerca de R$ 240 mil). Al\u00e9m desse grupo, h\u00e1 ainda aqueles que capturam animais para fins cient\u00edficos, ou seja, focam em esp\u00e9cies que fornecem a qu\u00edmica base para a pesquisa e produ\u00e7\u00e3o de medicamentos. Animais visados neste casoi s\u00e3o jararaca, urutu, coral, aranha-marrom e outros, que t\u00eam subst\u00e2ncias extra\u00eddas para serem vendidas por grama.<\/p>\n\n\n\n<p>BemParana<\/p>\n","protected":false},"excerpt":{"rendered":"<p>ano agitado em 2019. Segundo o delegado Matheus Laiola, mais de 500 animais silvestres j\u00e1 foram resgatados\/apreendidos apenas neste ano em Curitiba e regi\u00e3o metropolitana. O caso mais recente foi registrado nesta segunda-feira (26), quando tr\u00eas aranhas tar\u00e2ntulas, cinco cobras (duas p\u00edtons, duas cobras-papagaio e uma sua\u00e7uboia) e uma coruja foram apreendidas no bairro S\u00e3o [&hellip;]<\/p>\n","protected":false},"author":2,"featured_media":18177,"comment_status":"open","ping_status":"open","sticky":false,"template":"","format":"standard","meta":{"advanced_seo_description":"","jetpack_seo_html_title":"","jetpack_seo_noindex":false,"_jetpack_memberships_contains_paid_content":false,"footnotes":""},"categories":[33],"tags":[],"class_list":{"0":"post-18174","1":"post","2":"type-post","3":"status-publish","4":"format-standard","5":"has-post-thumbnail","7":"category-policia"},"jetpack_featured_media_url":"https:\/\/www.paranapraia.com.br\/wp-content\/uploads\/2019\/08\/yuyuy.jpg","jetpack_sharing_enabled":true,"_links":{"self":[{"href":"https:\/\/www.paranapraia.com.br\/index.php\/wp-json\/wp\/v2\/posts\/18174"}],"collection":[{"href":"https:\/\/www.paranapraia.com.br\/index.php\/wp-json\/wp\/v2\/posts"}],"about":[{"href":"https:\/\/www.paranapraia.com.br\/index.php\/wp-json\/wp\/v2\/types\/post"}],"author":[{"embeddable":true,"href":"https:\/\/www.paranapraia.com.br\/index.php\/wp-json\/wp\/v2\/users\/2"}],"replies":[{"embeddable":true,"href":"https:\/\/www.paranapraia.com.br\/index.php\/wp-json\/wp\/v2\/comments?post=18174"}],"version-history":[{"count":1,"href":"https:\/\/www.paranapraia.com.br\/index.php\/wp-json\/wp\/v2\/posts\/18174\/revisions"}],"predecessor-version":[{"id":18178,"href":"https:\/\/www.paranapraia.com.br\/index.php\/wp-json\/wp\/v2\/posts\/18174\/revisions\/18178"}],"wp:featuredmedia":[{"embeddable":true,"href":"https:\/\/www.paranapraia.com.br\/index.php\/wp-json\/wp\/v2\/media\/18177"}],"wp:attachment":[{"href":"https:\/\/www.paranapraia.com.br\/index.php\/wp-json\/wp\/v2\/media?parent=18174"}],"wp:term":[{"taxonomy":"category","embeddable":true,"href":"https:\/\/www.paranapraia.com.br\/index.php\/wp-json\/wp\/v2\/categories?post=18174"},{"taxonomy":"post_tag","embeddable":true,"href":"https:\/\/www.paranapraia.com.br\/index.php\/wp-json\/wp\/v2\/tags?post=18174"}],"curies":[{"name":"wp","href":"https:\/\/api.w.org\/{rel}","templated":true}]}}