{"id":18170,"date":"2019-08-26T17:03:37","date_gmt":"2019-08-26T20:03:37","guid":{"rendered":"https:\/\/www.paranapraia.com.br\/?p=18170"},"modified":"2019-08-26T17:03:39","modified_gmt":"2019-08-26T20:03:39","slug":"procurado-pela-interpol-argentino-suspeito-de-abuso-sexual-e-preso-no-parana","status":"publish","type":"post","link":"https:\/\/www.paranapraia.com.br\/index.php\/2019\/08\/26\/procurado-pela-interpol-argentino-suspeito-de-abuso-sexual-e-preso-no-parana\/","title":{"rendered":"Procurado pela Interpol, argentino suspeito de abuso sexual \u00e9 preso no Paran\u00e1"},"content":{"rendered":"\n<h4 class=\"wp-block-heading\">Toda a investiga\u00e7\u00e3o de paradeiro e identifica\u00e7\u00e3o do homem foi realizada pela PCPR, que j\u00e1 realizada um trabalho de intelig\u00eancia h\u00e1 aproximadamente dois meses<\/h4>\n\n\n\n<p>A Pol\u00edcia Civil do Paran\u00e1 (PCPR) prendeu um homem, de 41 anos, procurado pela International Criminal Police Organization \u2013 Interpol. O foragido internacional \u00e9 suspeito de um crime de abuso sexual contra um menor de idade, ocorrido na Argentina. A pris\u00e3o aconteceu na manh\u00e3 desta segunda-feira (26), em Tibagi, regi\u00e3o dos Campos Gerais do Paran\u00e1.<\/p>\n\n\n\n<p>Toda a investiga\u00e7\u00e3o de paradeiro e identifica\u00e7\u00e3o do homem foi realizada pela PCPR, que j\u00e1 realizada um trabalho de intelig\u00eancia h\u00e1 aproximadamente dois meses. O suspeito \u00e9 natural de Mendonza e constava no banco de dados da Interpol como foragido da Justi\u00e7a argentina.<\/p>\n\n\n\n<figure class=\"wp-block-image\"><img decoding=\"async\" src=\"https:\/\/www.bandab.com.br\/wp-content\/uploads\/2019\/08\/WhatsApp-Image-2019-08-26-at-16.31.14-960x720.jpeg\" alt=\"\"\/><\/figure>\n\n\n\n<p>A pris\u00e3o teve o apoio da Pol\u00edcia Federal, que ficou respons\u00e1vel por representar junto ao Supremo Tribunal Federal, para controle de legalidade da ordem de pris\u00e3o expedida pelo pa\u00eds estrangeiro.<br><br><br><\/p>\n","protected":false},"excerpt":{"rendered":"<p>Toda a investiga\u00e7\u00e3o de paradeiro e identifica\u00e7\u00e3o do homem foi realizada pela PCPR, que j\u00e1 realizada um trabalho de intelig\u00eancia h\u00e1 aproximadamente dois meses A Pol\u00edcia Civil do Paran\u00e1 (PCPR) prendeu um homem, de 41 anos, procurado pela International Criminal Police Organization \u2013 Interpol. O foragido internacional \u00e9 suspeito de um crime de abuso sexual [&hellip;]<\/p>\n","protected":false},"author":2,"featured_media":18171,"comment_status":"open","ping_status":"open","sticky":false,"template":"","format":"standard","meta":{"advanced_seo_description":"","jetpack_seo_html_title":"","jetpack_seo_noindex":false,"_jetpack_memberships_contains_paid_content":false,"footnotes":""},"categories":[33],"tags":[],"class_list":{"0":"post-18170","1":"post","2":"type-post","3":"status-publish","4":"format-standard","5":"has-post-thumbnail","7":"category-policia"},"jetpack_featured_media_url":"https:\/\/www.paranapraia.com.br\/wp-content\/uploads\/2019\/08\/cfudeu.jpeg","jetpack_sharing_enabled":true,"_links":{"self":[{"href":"https:\/\/www.paranapraia.com.br\/index.php\/wp-json\/wp\/v2\/posts\/18170"}],"collection":[{"href":"https:\/\/www.paranapraia.com.br\/index.php\/wp-json\/wp\/v2\/posts"}],"about":[{"href":"https:\/\/www.paranapraia.com.br\/index.php\/wp-json\/wp\/v2\/types\/post"}],"author":[{"embeddable":true,"href":"https:\/\/www.paranapraia.com.br\/index.php\/wp-json\/wp\/v2\/users\/2"}],"replies":[{"embeddable":true,"href":"https:\/\/www.paranapraia.com.br\/index.php\/wp-json\/wp\/v2\/comments?post=18170"}],"version-history":[{"count":1,"href":"https:\/\/www.paranapraia.com.br\/index.php\/wp-json\/wp\/v2\/posts\/18170\/revisions"}],"predecessor-version":[{"id":18172,"href":"https:\/\/www.paranapraia.com.br\/index.php\/wp-json\/wp\/v2\/posts\/18170\/revisions\/18172"}],"wp:featuredmedia":[{"embeddable":true,"href":"https:\/\/www.paranapraia.com.br\/index.php\/wp-json\/wp\/v2\/media\/18171"}],"wp:attachment":[{"href":"https:\/\/www.paranapraia.com.br\/index.php\/wp-json\/wp\/v2\/media?parent=18170"}],"wp:term":[{"taxonomy":"category","embeddable":true,"href":"https:\/\/www.paranapraia.com.br\/index.php\/wp-json\/wp\/v2\/categories?post=18170"},{"taxonomy":"post_tag","embeddable":true,"href":"https:\/\/www.paranapraia.com.br\/index.php\/wp-json\/wp\/v2\/tags?post=18170"}],"curies":[{"name":"wp","href":"https:\/\/api.w.org\/{rel}","templated":true}]}}