{"id":18157,"date":"2019-08-26T16:41:32","date_gmt":"2019-08-26T19:41:32","guid":{"rendered":"https:\/\/www.paranapraia.com.br\/?p=18157"},"modified":"2019-08-26T16:41:34","modified_gmt":"2019-08-26T19:41:34","slug":"para-maia-narrativa-do-presidente-estimulou-aumento-do-desmatamento-da-floresta","status":"publish","type":"post","link":"https:\/\/www.paranapraia.com.br\/index.php\/2019\/08\/26\/para-maia-narrativa-do-presidente-estimulou-aumento-do-desmatamento-da-floresta\/","title":{"rendered":"Para Maia, narrativa do presidente estimulou aumento do desmatamento da floresta"},"content":{"rendered":"\n<h4 class=\"wp-block-heading\">A narrativa de Bolsonaro, disse o presidente da C\u00e2mara, gerou a sinaliza\u00e7\u00e3o errada. Ele deu o exemplo do momento em que o presidente questionou dados do Instituto Nacional de Pesquisas Espaciais (Inpe)<\/h4>\n\n\n\n<p>O presidente da C\u00e2mara, Rodrigo Maia (DEM-RJ), afirmou nesta segunda-feira, 26, que a narrativa que o presidente da Rep\u00fablica, Jair Bolsonaro, construiu em seu governo em rela\u00e7\u00e3o a temas ambientais estimulou o aumento dos desmatamentos. Na vis\u00e3o de Maia, o discurso de Bolsonaro fez com que algumas pessoas achassem que estavam liberadas para fazer o que quisessem, sem temer nenhum tipo de rea\u00e7\u00e3o.<\/p>\n\n\n\n<p>BandaB<br><\/p>\n","protected":false},"excerpt":{"rendered":"<p>A narrativa de Bolsonaro, disse o presidente da C\u00e2mara, gerou a sinaliza\u00e7\u00e3o errada. Ele deu o exemplo do momento em que o presidente questionou dados do Instituto Nacional de Pesquisas Espaciais (Inpe) O presidente da C\u00e2mara, Rodrigo Maia (DEM-RJ), afirmou nesta segunda-feira, 26, que a narrativa que o presidente da Rep\u00fablica, Jair Bolsonaro, construiu em [&hellip;]<\/p>\n","protected":false},"author":2,"featured_media":18158,"comment_status":"open","ping_status":"open","sticky":false,"template":"","format":"standard","meta":{"advanced_seo_description":"","jetpack_seo_html_title":"","jetpack_seo_noindex":false,"_jetpack_memberships_contains_paid_content":false,"footnotes":""},"categories":[32],"tags":[],"class_list":{"0":"post-18157","1":"post","2":"type-post","3":"status-publish","4":"format-standard","5":"has-post-thumbnail","7":"category-politica"},"jetpack_featured_media_url":"https:\/\/www.paranapraia.com.br\/wp-content\/uploads\/2019\/08\/maia2.jpg","jetpack_sharing_enabled":true,"_links":{"self":[{"href":"https:\/\/www.paranapraia.com.br\/index.php\/wp-json\/wp\/v2\/posts\/18157"}],"collection":[{"href":"https:\/\/www.paranapraia.com.br\/index.php\/wp-json\/wp\/v2\/posts"}],"about":[{"href":"https:\/\/www.paranapraia.com.br\/index.php\/wp-json\/wp\/v2\/types\/post"}],"author":[{"embeddable":true,"href":"https:\/\/www.paranapraia.com.br\/index.php\/wp-json\/wp\/v2\/users\/2"}],"replies":[{"embeddable":true,"href":"https:\/\/www.paranapraia.com.br\/index.php\/wp-json\/wp\/v2\/comments?post=18157"}],"version-history":[{"count":1,"href":"https:\/\/www.paranapraia.com.br\/index.php\/wp-json\/wp\/v2\/posts\/18157\/revisions"}],"predecessor-version":[{"id":18159,"href":"https:\/\/www.paranapraia.com.br\/index.php\/wp-json\/wp\/v2\/posts\/18157\/revisions\/18159"}],"wp:featuredmedia":[{"embeddable":true,"href":"https:\/\/www.paranapraia.com.br\/index.php\/wp-json\/wp\/v2\/media\/18158"}],"wp:attachment":[{"href":"https:\/\/www.paranapraia.com.br\/index.php\/wp-json\/wp\/v2\/media?parent=18157"}],"wp:term":[{"taxonomy":"category","embeddable":true,"href":"https:\/\/www.paranapraia.com.br\/index.php\/wp-json\/wp\/v2\/categories?post=18157"},{"taxonomy":"post_tag","embeddable":true,"href":"https:\/\/www.paranapraia.com.br\/index.php\/wp-json\/wp\/v2\/tags?post=18157"}],"curies":[{"name":"wp","href":"https:\/\/api.w.org\/{rel}","templated":true}]}}