{"id":18145,"date":"2019-08-26T16:08:56","date_gmt":"2019-08-26T19:08:56","guid":{"rendered":"https:\/\/www.paranapraia.com.br\/?p=18145"},"modified":"2019-08-26T16:08:57","modified_gmt":"2019-08-26T19:08:57","slug":"justica-suspende-processo-administrativo-contra-o-coordenador-da-lava-jato-deltan-dallagnol","status":"publish","type":"post","link":"https:\/\/www.paranapraia.com.br\/index.php\/2019\/08\/26\/justica-suspende-processo-administrativo-contra-o-coordenador-da-lava-jato-deltan-dallagnol\/","title":{"rendered":"Justi\u00e7a suspende processo administrativo contra o coordenador da Lava Jato Deltan Dallagnol"},"content":{"rendered":"\n<h4 class=\"wp-block-heading\">Decis\u00e3o \u00e9 do juiz Nivaldo Brunoini; com a suspens\u00e3o, o processo dever\u00e1 ser retirado de pauta do julgamento do Conselho Nacional do Minist\u00e9rio P\u00fablico.<\/h4>\n\n\n\n<p>O juiz federal Nivaldo Brunoini determinou a imediata suspens\u00e3o do\u00a0Processo Administrativo Disciplinar (PAD) contra o coordenador da Lava Jato Deltan Dallagnol.<\/p>\n\n\n\n<p>O processo investiga se o procurador cometeu viola\u00e7\u00e3o funcional e deixou de observar os deveres funcionais e de guardar o decoro ao fazer cr\u00edticas ao Supremo Tribunal Federal (STF).<\/p>\n\n\n\n<p>A decis\u00e3o foi publicada sistema eletr\u00f4nico da Justi\u00e7a Federal do Paran\u00e1 na tarde deste domingo (25) e acata um pedido do coordenador por conta de uma mudan\u00e7a dos advogados durante o processo. Deltan justificou o pedido dizendo que a defesa que assumiu o caso n\u00e3o notificada para apresentar as alega\u00e7\u00f5es finais.<\/p>\n\n\n\n<p>A defesa de Deltan Dallagnol, representada pelo advogado Alexandre Vitorino, n\u00e3o quis se manifestar sobre o assunto.<\/p>\n\n\n\n<p>&#8220;Logo, n\u00e3o parece razo\u00e1vel tolher da defesa t\u00e9cnica a oportunidade de defender o acusado naquele que \u00e9 o \u00faltimo evento pr\u00f3prio para o exerc\u00edcio da ampla defesa no PAD (segundo o Regimento Interno do CNMP): as alega\u00e7\u00f5es finais&#8221;, argumentou o juiz.<\/p>\n\n\n\n<p>Com a suspens\u00e3o, o processo dever\u00e1 ser retirado de pauta do julgamento do Conselho Nacional do Minist\u00e9rio P\u00fablico Federal, que estava previsto para acontecer nesta ter\u00e7a-feira (27).<\/p>\n\n\n\n<p>O juiz tamb\u00e9m determinou um prazo de dez dias para a apresenta\u00e7\u00e3o das alega\u00e7\u00f5es finais da defesa. Depois disso, ser\u00e1 marcada uma nova data para o julgamento.<\/p>\n\n\n\n<p>O PAD foi aberto depois que Deltan deu entrevista \u00e0 r\u00e1dio CBN no dia 15 de agosto de 2018. Ele comentava sobre a decis\u00e3o da Segunda Turma do STF de transferir termos da colabora\u00e7\u00e3o premiada da Odebrecht da Justi\u00e7a Federal no Paran\u00e1 para a Justi\u00e7a Federal e eleitoral no Distrito Federal.<\/p>\n\n\n\n<p>O procurador afirmou que ministros do STF agiam como &#8220;panelinha&#8221; e que a decis\u00e3o de transferir os autos de comarca passava uma &#8220;mensagem muito forte de leni\u00eancia a favor da corrup\u00e7\u00e3o.&#8221;<\/p>\n\n\n\n<p>&#8220;Os tr\u00eas mesmos de sempre do Supremo Tribunal Federal que tiram tudo de Curitiba e mandam tudo para a Justi\u00e7a Eleitoral e que d\u00e3o sempre os habeas corpus, que est\u00e3o sempre se tornando uma panelinha assim&#8230; que mandam uma mensagem muito forte de leni\u00eancia a favor da corrup\u00e7\u00e3o&#8221;, disse Dallagnol, segundo transcri\u00e7\u00e3o da reclama\u00e7\u00e3o disciplinar apresentada contra ele no CNMP pela Corregedoria Nacional.<\/p>\n\n\n\n<p>G1<\/p>\n","protected":false},"excerpt":{"rendered":"<p>Decis\u00e3o \u00e9 do juiz Nivaldo Brunoini; com a suspens\u00e3o, o processo dever\u00e1 ser retirado de pauta do julgamento do Conselho Nacional do Minist\u00e9rio P\u00fablico. O juiz federal Nivaldo Brunoini determinou a imediata suspens\u00e3o do\u00a0Processo Administrativo Disciplinar (PAD) contra o coordenador da Lava Jato Deltan Dallagnol. O processo investiga se o procurador cometeu viola\u00e7\u00e3o funcional e [&hellip;]<\/p>\n","protected":false},"author":2,"featured_media":18146,"comment_status":"open","ping_status":"open","sticky":false,"template":"","format":"standard","meta":{"advanced_seo_description":"","jetpack_seo_html_title":"","jetpack_seo_noindex":false,"_jetpack_memberships_contains_paid_content":false,"footnotes":""},"categories":[32],"tags":[],"class_list":{"0":"post-18145","1":"post","2":"type-post","3":"status-publish","4":"format-standard","5":"has-post-thumbnail","7":"category-politica"},"jetpack_featured_media_url":"https:\/\/www.paranapraia.com.br\/wp-content\/uploads\/2019\/08\/mpf.jpg","jetpack_sharing_enabled":true,"_links":{"self":[{"href":"https:\/\/www.paranapraia.com.br\/index.php\/wp-json\/wp\/v2\/posts\/18145"}],"collection":[{"href":"https:\/\/www.paranapraia.com.br\/index.php\/wp-json\/wp\/v2\/posts"}],"about":[{"href":"https:\/\/www.paranapraia.com.br\/index.php\/wp-json\/wp\/v2\/types\/post"}],"author":[{"embeddable":true,"href":"https:\/\/www.paranapraia.com.br\/index.php\/wp-json\/wp\/v2\/users\/2"}],"replies":[{"embeddable":true,"href":"https:\/\/www.paranapraia.com.br\/index.php\/wp-json\/wp\/v2\/comments?post=18145"}],"version-history":[{"count":1,"href":"https:\/\/www.paranapraia.com.br\/index.php\/wp-json\/wp\/v2\/posts\/18145\/revisions"}],"predecessor-version":[{"id":18147,"href":"https:\/\/www.paranapraia.com.br\/index.php\/wp-json\/wp\/v2\/posts\/18145\/revisions\/18147"}],"wp:featuredmedia":[{"embeddable":true,"href":"https:\/\/www.paranapraia.com.br\/index.php\/wp-json\/wp\/v2\/media\/18146"}],"wp:attachment":[{"href":"https:\/\/www.paranapraia.com.br\/index.php\/wp-json\/wp\/v2\/media?parent=18145"}],"wp:term":[{"taxonomy":"category","embeddable":true,"href":"https:\/\/www.paranapraia.com.br\/index.php\/wp-json\/wp\/v2\/categories?post=18145"},{"taxonomy":"post_tag","embeddable":true,"href":"https:\/\/www.paranapraia.com.br\/index.php\/wp-json\/wp\/v2\/tags?post=18145"}],"curies":[{"name":"wp","href":"https:\/\/api.w.org\/{rel}","templated":true}]}}