{"id":18139,"date":"2019-08-26T16:05:31","date_gmt":"2019-08-26T19:05:31","guid":{"rendered":"https:\/\/www.paranapraia.com.br\/?p=18139"},"modified":"2019-08-26T16:05:32","modified_gmt":"2019-08-26T19:05:32","slug":"marido-de-flordelis-levou-tiro-na-cabeca-a-curta-distancia-aponta-laudo","status":"publish","type":"post","link":"https:\/\/www.paranapraia.com.br\/index.php\/2019\/08\/26\/marido-de-flordelis-levou-tiro-na-cabeca-a-curta-distancia-aponta-laudo\/","title":{"rendered":"Marido de Flordelis levou tiro na cabe\u00e7a a curta dist\u00e2ncia, aponta laudo"},"content":{"rendered":"\n<h4 class=\"wp-block-heading\">Para o perito legista aposentado Levi Inim\u00e1, que analisou o laudo a pedido do EXTRA, o disparo que atingiu a cabe\u00e7a de Anderson foi o respons\u00e1vel pela sua morte<\/h4>\n\n\n\n<p>&nbsp;pastor Anderson do Carmo, marido da deputada federal Flordelis dos Santos, levou um tiro a curta dist\u00e2ncia na cabe\u00e7a, revela o laudo do Instituto M\u00e9dico-Legal (IML) no dia do crime. De acordo com o documento, um dos disparos que atingiram a v\u00edtima, morta no dia 16 de junho na casa da fam\u00edlia, em Pendotiba, Niter\u00f3i, foi dado em sua orelha direita. Para o perito legista aposentado Levi Inim\u00e1, que analisou o laudo a pedido do EXTRA, o disparo que atingiu a cabe\u00e7a de Anderson foi o respons\u00e1vel pela sua morte.<\/p>\n\n\n\n<p>\u2013 A morte foi instant\u00e2nea, consequente \u00e0s les\u00f5es do cr\u00e2nio. O que demonstra isso, no laudo, s\u00e3o a hemorragia das meninges, as les\u00f5es no enc\u00e9falo e as fraturas dos tr\u00eas andares da base do cr\u00e2nio, que \u00e9 incompat\u00edvel com a vida \u2013 pontuou.<\/p>\n\n\n\n<p>Para ler a mat\u00e9ria completa no Extra,\u00a0<a href=\"https:\/\/extra.globo.com\/casos-de-policia\/marido-de-flordelis-levou-tiro-na-cabeca-curta-distancia-aponta-laudo-23904166.html\">clique aqui<\/a>.<\/p>\n\n\n\n<p>BandaB<\/p>\n","protected":false},"excerpt":{"rendered":"<p>Para o perito legista aposentado Levi Inim\u00e1, que analisou o laudo a pedido do EXTRA, o disparo que atingiu a cabe\u00e7a de Anderson foi o respons\u00e1vel pela sua morte &nbsp;pastor Anderson do Carmo, marido da deputada federal Flordelis dos Santos, levou um tiro a curta dist\u00e2ncia na cabe\u00e7a, revela o laudo do Instituto M\u00e9dico-Legal (IML) [&hellip;]<\/p>\n","protected":false},"author":2,"featured_media":18140,"comment_status":"open","ping_status":"open","sticky":false,"template":"","format":"standard","meta":{"advanced_seo_description":"","jetpack_seo_html_title":"","jetpack_seo_noindex":false,"_jetpack_memberships_contains_paid_content":false,"footnotes":""},"categories":[1],"tags":[],"class_list":{"0":"post-18139","1":"post","2":"type-post","3":"status-publish","4":"format-standard","5":"has-post-thumbnail","7":"category-sem-categoria"},"jetpack_featured_media_url":"https:\/\/www.paranapraia.com.br\/wp-content\/uploads\/2019\/08\/0.jpg","jetpack_sharing_enabled":true,"_links":{"self":[{"href":"https:\/\/www.paranapraia.com.br\/index.php\/wp-json\/wp\/v2\/posts\/18139"}],"collection":[{"href":"https:\/\/www.paranapraia.com.br\/index.php\/wp-json\/wp\/v2\/posts"}],"about":[{"href":"https:\/\/www.paranapraia.com.br\/index.php\/wp-json\/wp\/v2\/types\/post"}],"author":[{"embeddable":true,"href":"https:\/\/www.paranapraia.com.br\/index.php\/wp-json\/wp\/v2\/users\/2"}],"replies":[{"embeddable":true,"href":"https:\/\/www.paranapraia.com.br\/index.php\/wp-json\/wp\/v2\/comments?post=18139"}],"version-history":[{"count":1,"href":"https:\/\/www.paranapraia.com.br\/index.php\/wp-json\/wp\/v2\/posts\/18139\/revisions"}],"predecessor-version":[{"id":18141,"href":"https:\/\/www.paranapraia.com.br\/index.php\/wp-json\/wp\/v2\/posts\/18139\/revisions\/18141"}],"wp:featuredmedia":[{"embeddable":true,"href":"https:\/\/www.paranapraia.com.br\/index.php\/wp-json\/wp\/v2\/media\/18140"}],"wp:attachment":[{"href":"https:\/\/www.paranapraia.com.br\/index.php\/wp-json\/wp\/v2\/media?parent=18139"}],"wp:term":[{"taxonomy":"category","embeddable":true,"href":"https:\/\/www.paranapraia.com.br\/index.php\/wp-json\/wp\/v2\/categories?post=18139"},{"taxonomy":"post_tag","embeddable":true,"href":"https:\/\/www.paranapraia.com.br\/index.php\/wp-json\/wp\/v2\/tags?post=18139"}],"curies":[{"name":"wp","href":"https:\/\/api.w.org\/{rel}","templated":true}]}}