{"id":18133,"date":"2019-08-26T15:09:00","date_gmt":"2019-08-26T18:09:00","guid":{"rendered":"https:\/\/www.paranapraia.com.br\/?p=18133"},"modified":"2019-08-26T15:09:03","modified_gmt":"2019-08-26T18:09:03","slug":"maia-diz-que-brasil-e-franca-sao-tradicionais-parceiros-economicos","status":"publish","type":"post","link":"https:\/\/www.paranapraia.com.br\/index.php\/2019\/08\/26\/maia-diz-que-brasil-e-franca-sao-tradicionais-parceiros-economicos\/","title":{"rendered":"Maia diz que Brasil e Fran\u00e7a s\u00e3o tradicionais parceiros econ\u00f4micos"},"content":{"rendered":"\n<p>O presidente da C\u00e2mara dos Deputados, Rodrigo Maia (DEM), disse nesta segunda-feira, 26, para uma plateia de empres\u00e1rios franceses &#8220;que muitas das institui\u00e7\u00f5es brasileiras foram criadas com base no modelo franc\u00eas&#8221;.<\/p>\n\n\n\n<p>A declara\u00e7\u00e3o de Maia foi feita durante almo\u00e7o oferecido pela C\u00e2mara de Com\u00e9rcio Fran\u00e7a-Brasil (CCFB), em S\u00e3o Paulo, no momento em que os presidentes do Brasil, Jair Bolsonaro, e da Fran\u00e7a, Emmanuel Macron, batem boca em torno do inc\u00eandio que consome parte da Floresta Amaz\u00f4nica.<\/p>\n\n\n\n<p>No in\u00edcio de sua fala, Maia arrancou gargalhadas dos presentes ao agradecer o convite da CCFB e dizer &#8220;s\u00f3 n\u00e3o sei se dei sorte na data&#8221;. Maia disse que Brasil e Fran\u00e7a s\u00e3o tradicionais parceiros econ\u00f4micos e que a Fran\u00e7a \u00e9 o 21\u00ba principal cliente externo.<\/p>\n\n\n\n<p>Em Bras\u00edlia, antes de embarcar para a capital paulista, o deputado falou com os jornalistas e tentou minimizar uma poss\u00edvel crise entre o Brasil e pa\u00edses da Uni\u00e3o Europeia e seus impactos sobre o acordo comercial entre Mercosul e o bloco europeu.<\/p>\n\n\n\n<p>Segundo Maia, Macron teria ficado isolado no bate-boca com o presidente brasileiro, gra\u00e7as aos demais l\u00edderes do G7, que reunidos no \u00faltimo s\u00e1bado na Fran\u00e7a teriam colocado um freio na discuss\u00e3o.<\/p>\n\n\n\n<p>BemParana<\/p>\n","protected":false},"excerpt":{"rendered":"<p>O presidente da C\u00e2mara dos Deputados, Rodrigo Maia (DEM), disse nesta segunda-feira, 26, para uma plateia de empres\u00e1rios franceses &#8220;que muitas das institui\u00e7\u00f5es brasileiras foram criadas com base no modelo franc\u00eas&#8221;. A declara\u00e7\u00e3o de Maia foi feita durante almo\u00e7o oferecido pela C\u00e2mara de Com\u00e9rcio Fran\u00e7a-Brasil (CCFB), em S\u00e3o Paulo, no momento em que os presidentes [&hellip;]<\/p>\n","protected":false},"author":2,"featured_media":18134,"comment_status":"open","ping_status":"open","sticky":false,"template":"","format":"standard","meta":{"advanced_seo_description":"","jetpack_seo_html_title":"","jetpack_seo_noindex":false,"_jetpack_memberships_contains_paid_content":false,"footnotes":""},"categories":[32],"tags":[],"class_list":{"0":"post-18133","1":"post","2":"type-post","3":"status-publish","4":"format-standard","5":"has-post-thumbnail","7":"category-politica"},"jetpack_featured_media_url":"https:\/\/www.paranapraia.com.br\/wp-content\/uploads\/2019\/08\/maia-768x512-1.jpg","jetpack_sharing_enabled":true,"_links":{"self":[{"href":"https:\/\/www.paranapraia.com.br\/index.php\/wp-json\/wp\/v2\/posts\/18133"}],"collection":[{"href":"https:\/\/www.paranapraia.com.br\/index.php\/wp-json\/wp\/v2\/posts"}],"about":[{"href":"https:\/\/www.paranapraia.com.br\/index.php\/wp-json\/wp\/v2\/types\/post"}],"author":[{"embeddable":true,"href":"https:\/\/www.paranapraia.com.br\/index.php\/wp-json\/wp\/v2\/users\/2"}],"replies":[{"embeddable":true,"href":"https:\/\/www.paranapraia.com.br\/index.php\/wp-json\/wp\/v2\/comments?post=18133"}],"version-history":[{"count":1,"href":"https:\/\/www.paranapraia.com.br\/index.php\/wp-json\/wp\/v2\/posts\/18133\/revisions"}],"predecessor-version":[{"id":18135,"href":"https:\/\/www.paranapraia.com.br\/index.php\/wp-json\/wp\/v2\/posts\/18133\/revisions\/18135"}],"wp:featuredmedia":[{"embeddable":true,"href":"https:\/\/www.paranapraia.com.br\/index.php\/wp-json\/wp\/v2\/media\/18134"}],"wp:attachment":[{"href":"https:\/\/www.paranapraia.com.br\/index.php\/wp-json\/wp\/v2\/media?parent=18133"}],"wp:term":[{"taxonomy":"category","embeddable":true,"href":"https:\/\/www.paranapraia.com.br\/index.php\/wp-json\/wp\/v2\/categories?post=18133"},{"taxonomy":"post_tag","embeddable":true,"href":"https:\/\/www.paranapraia.com.br\/index.php\/wp-json\/wp\/v2\/tags?post=18133"}],"curies":[{"name":"wp","href":"https:\/\/api.w.org\/{rel}","templated":true}]}}