{"id":18130,"date":"2019-08-26T15:08:19","date_gmt":"2019-08-26T18:08:19","guid":{"rendered":"https:\/\/www.paranapraia.com.br\/?p=18130"},"modified":"2019-08-26T15:08:21","modified_gmt":"2019-08-26T18:08:21","slug":"ministra-diz-que-propos-ao-japao-abrir-mercado-de-carne-para-o-parana","status":"publish","type":"post","link":"https:\/\/www.paranapraia.com.br\/index.php\/2019\/08\/26\/ministra-diz-que-propos-ao-japao-abrir-mercado-de-carne-para-o-parana\/","title":{"rendered":"Ministra diz que prop\u00f4s ao Jap\u00e3o abrir mercado de carne para o Paran\u00e1"},"content":{"rendered":"\n<h4 class=\"wp-block-heading\">Ela afirmou esperar que, at\u00e9 o ano que vem, uma miss\u00e3o do Jap\u00e3o visite os estados<\/h4>\n\n\n\n<p>A ministra da Agricultura, Tereza Cristina, afirmou que prop\u00f4s ao Jap\u00e3o a abertura de seu mercado para a carne bovina de um bloco de Estados brasileiros, formado por Paran\u00e1, Rio Grande do Sul, Goi\u00e1s e Rond\u00f4nia. \u201cO Jap\u00e3o costumeiramente importa carne bovina de pa\u00edses livre de febre aftosa sem vacina\u00e7\u00e3o e no Brasil s\u00f3 Santa Catarina tem esse status\u201d, disse ela em entrevista coletiva ap\u00f3s reuni\u00e3o com o ministro da Agricultura japon\u00eas, Takamori Yoshikawa. \u201cPropus a ele um bloco de estados, incluindo Paran\u00e1, que deve caminhar rapidamente dentro do programa de erradica\u00e7\u00e3o de aftosa sem vacina\u00e7\u00e3o, Rio Grande do Sul, Goi\u00e1s e Rond\u00f4nia. As tratativas est\u00e3o sendo feitas, inclusive aqui hoje, para podermos atingir esse objetivo\u201d, comentou.<\/p>\n\n\n\n<p>Ela afirmou esperar que, at\u00e9 o ano que vem, uma miss\u00e3o do Jap\u00e3o visite os Estados citados.<\/p>\n\n\n\n<p>A ministra listou outros produtos para os quais o Brasil busca abertura no Jap\u00e3o, como abacate e material gen\u00e9tico.<\/p>\n\n\n\n<p>Ainda segundo Tereza Cristina, o Jap\u00e3o tem interesse em iniciar coopera\u00e7\u00e3o entre universidades japonesas e institui\u00e7\u00f5es brasileiras, como a Embrapa. \u201cSempre na \u00e1rea de alimentos. Eles prezam muito a seguran\u00e7a alimentar.\u201d<\/p>\n\n\n\n<p>BandaB<\/p>\n\n\n\n<p><br><\/p>\n","protected":false},"excerpt":{"rendered":"<p>Ela afirmou esperar que, at\u00e9 o ano que vem, uma miss\u00e3o do Jap\u00e3o visite os estados A ministra da Agricultura, Tereza Cristina, afirmou que prop\u00f4s ao Jap\u00e3o a abertura de seu mercado para a carne bovina de um bloco de Estados brasileiros, formado por Paran\u00e1, Rio Grande do Sul, Goi\u00e1s e Rond\u00f4nia. \u201cO Jap\u00e3o costumeiramente [&hellip;]<\/p>\n","protected":false},"author":2,"featured_media":18131,"comment_status":"open","ping_status":"open","sticky":false,"template":"","format":"standard","meta":{"advanced_seo_description":"","jetpack_seo_html_title":"","jetpack_seo_noindex":false,"_jetpack_memberships_contains_paid_content":false,"footnotes":""},"categories":[32],"tags":[],"class_list":{"0":"post-18130","1":"post","2":"type-post","3":"status-publish","4":"format-standard","5":"has-post-thumbnail","7":"category-politica"},"jetpack_featured_media_url":"https:\/\/www.paranapraia.com.br\/wp-content\/uploads\/2019\/08\/\u00f3ascarne.jpg","jetpack_sharing_enabled":true,"_links":{"self":[{"href":"https:\/\/www.paranapraia.com.br\/index.php\/wp-json\/wp\/v2\/posts\/18130"}],"collection":[{"href":"https:\/\/www.paranapraia.com.br\/index.php\/wp-json\/wp\/v2\/posts"}],"about":[{"href":"https:\/\/www.paranapraia.com.br\/index.php\/wp-json\/wp\/v2\/types\/post"}],"author":[{"embeddable":true,"href":"https:\/\/www.paranapraia.com.br\/index.php\/wp-json\/wp\/v2\/users\/2"}],"replies":[{"embeddable":true,"href":"https:\/\/www.paranapraia.com.br\/index.php\/wp-json\/wp\/v2\/comments?post=18130"}],"version-history":[{"count":1,"href":"https:\/\/www.paranapraia.com.br\/index.php\/wp-json\/wp\/v2\/posts\/18130\/revisions"}],"predecessor-version":[{"id":18132,"href":"https:\/\/www.paranapraia.com.br\/index.php\/wp-json\/wp\/v2\/posts\/18130\/revisions\/18132"}],"wp:featuredmedia":[{"embeddable":true,"href":"https:\/\/www.paranapraia.com.br\/index.php\/wp-json\/wp\/v2\/media\/18131"}],"wp:attachment":[{"href":"https:\/\/www.paranapraia.com.br\/index.php\/wp-json\/wp\/v2\/media?parent=18130"}],"wp:term":[{"taxonomy":"category","embeddable":true,"href":"https:\/\/www.paranapraia.com.br\/index.php\/wp-json\/wp\/v2\/categories?post=18130"},{"taxonomy":"post_tag","embeddable":true,"href":"https:\/\/www.paranapraia.com.br\/index.php\/wp-json\/wp\/v2\/tags?post=18130"}],"curies":[{"name":"wp","href":"https:\/\/api.w.org\/{rel}","templated":true}]}}