{"id":18014,"date":"2019-08-23T17:00:20","date_gmt":"2019-08-23T20:00:20","guid":{"rendered":"https:\/\/www.paranapraia.com.br\/?p=18014"},"modified":"2019-08-23T17:00:22","modified_gmt":"2019-08-23T20:00:22","slug":"maia-pais-vive-quase-um-estado-autoritario-inclusive-na-area-do-meio-ambiente","status":"publish","type":"post","link":"https:\/\/www.paranapraia.com.br\/index.php\/2019\/08\/23\/maia-pais-vive-quase-um-estado-autoritario-inclusive-na-area-do-meio-ambiente\/","title":{"rendered":"Maia: Pa\u00eds vive \u2018quase um estado autorit\u00e1rio\u2019, inclusive na \u00e1rea do meio ambiente"},"content":{"rendered":"\n<h4 class=\"wp-block-heading\">O coment\u00e1rio de Maia foi feito enquanto ele participava de evento da Associa\u00e7\u00e3o dos Advogados de S\u00e3o Paulo<\/h4>\n\n\n\n<p>Numa semana em que a quest\u00e3o da Amaz\u00f4nia se tornou uma crise internacional, o presidente da C\u00e2mara, Rodrigo Maia (DEM-RJ), afirmou nesta sexta-feira, 23, que o Brasil vive \u201cquase um estado autorit\u00e1rio\u201d, inclusive na \u00e1rea do meio ambiente.<\/p>\n\n\n\n<p>\u201cVivemos quase num Estado autorit\u00e1rio, pelo poder que muitos setores, eu n\u00e3o digo s\u00f3 n\u00e3o \u00e1rea da seguran\u00e7a p\u00fablica, no Judici\u00e1rio, mas os setores como um todo, inclusive no meio ambiente, em rela\u00e7\u00e3o \u00e0 vida da sociedade brasileira\u201d, disse o parlamentar.<\/p>\n\n\n\n<p>O coment\u00e1rio de Maia foi feito enquanto ele participava de evento da Associa\u00e7\u00e3o dos Advogados de S\u00e3o Paulo, que entregou ao presidente da C\u00e2mara um relat\u00f3rio cr\u00edtico ao projeto anticrime do ministro da Justi\u00e7a e da Seguran\u00e7a P\u00fablica, Sergio Moro.<\/p>\n\n\n\n<p>\u201cO projeto tem pontos positivos, mas parte dele precisa se revisto, analisado, para que um lado da sociedade tenha uma preocupa\u00e7\u00e3o por parte do Parlamento\u201d, disse o deputado.<\/p>\n\n\n\n<p>BandaB<\/p>\n","protected":false},"excerpt":{"rendered":"<p>O coment\u00e1rio de Maia foi feito enquanto ele participava de evento da Associa\u00e7\u00e3o dos Advogados de S\u00e3o Paulo Numa semana em que a quest\u00e3o da Amaz\u00f4nia se tornou uma crise internacional, o presidente da C\u00e2mara, Rodrigo Maia (DEM-RJ), afirmou nesta sexta-feira, 23, que o Brasil vive \u201cquase um estado autorit\u00e1rio\u201d, inclusive na \u00e1rea do meio [&hellip;]<\/p>\n","protected":false},"author":2,"featured_media":18015,"comment_status":"open","ping_status":"open","sticky":false,"template":"","format":"standard","meta":{"advanced_seo_description":"","jetpack_seo_html_title":"","jetpack_seo_noindex":false,"_jetpack_memberships_contains_paid_content":false,"footnotes":""},"categories":[32],"tags":[],"class_list":{"0":"post-18014","1":"post","2":"type-post","3":"status-publish","4":"format-standard","5":"has-post-thumbnail","7":"category-politica"},"jetpack_featured_media_url":"https:\/\/www.paranapraia.com.br\/wp-content\/uploads\/2019\/08\/maia-768x512.jpg","jetpack_sharing_enabled":true,"_links":{"self":[{"href":"https:\/\/www.paranapraia.com.br\/index.php\/wp-json\/wp\/v2\/posts\/18014"}],"collection":[{"href":"https:\/\/www.paranapraia.com.br\/index.php\/wp-json\/wp\/v2\/posts"}],"about":[{"href":"https:\/\/www.paranapraia.com.br\/index.php\/wp-json\/wp\/v2\/types\/post"}],"author":[{"embeddable":true,"href":"https:\/\/www.paranapraia.com.br\/index.php\/wp-json\/wp\/v2\/users\/2"}],"replies":[{"embeddable":true,"href":"https:\/\/www.paranapraia.com.br\/index.php\/wp-json\/wp\/v2\/comments?post=18014"}],"version-history":[{"count":1,"href":"https:\/\/www.paranapraia.com.br\/index.php\/wp-json\/wp\/v2\/posts\/18014\/revisions"}],"predecessor-version":[{"id":18016,"href":"https:\/\/www.paranapraia.com.br\/index.php\/wp-json\/wp\/v2\/posts\/18014\/revisions\/18016"}],"wp:featuredmedia":[{"embeddable":true,"href":"https:\/\/www.paranapraia.com.br\/index.php\/wp-json\/wp\/v2\/media\/18015"}],"wp:attachment":[{"href":"https:\/\/www.paranapraia.com.br\/index.php\/wp-json\/wp\/v2\/media?parent=18014"}],"wp:term":[{"taxonomy":"category","embeddable":true,"href":"https:\/\/www.paranapraia.com.br\/index.php\/wp-json\/wp\/v2\/categories?post=18014"},{"taxonomy":"post_tag","embeddable":true,"href":"https:\/\/www.paranapraia.com.br\/index.php\/wp-json\/wp\/v2\/tags?post=18014"}],"curies":[{"name":"wp","href":"https:\/\/api.w.org\/{rel}","templated":true}]}}